{"id":74051,"date":"2024-03-14T17:57:48","date_gmt":"2024-03-14T17:57:48","guid":{"rendered":"https:\/\/servifibal.cat\/balanzas-dibal-serie-d900-copy\/"},"modified":"2026-01-30T12:49:07","modified_gmt":"2026-01-30T12:49:07","slug":"servifibal-y-verifactu","status":"publish","type":"post","link":"https:\/\/servifibal.cat\/es\/servifibal-y-verifactu\/","title":{"rendered":"Servifibal y VeriFactu"},"content":{"rendered":"\n<p class=\"has-drop-cap\">Des de Servifibal queremos preparar a nuestros clientes para la entrada de esta nueva normativa que ser\u00e1 obligatoria a partir del d\u00eda 1 de enero del 2026.<\/p>\n\n\n\n<p><a href=\"\/#fechas\" title=\"\">\u00a1Nuevas fechas de obligatoriedad!<\/a><\/p>\n\n\n\n<!--more-->\n\n\n\n<p><br>Con m\u00e1s de 30 a\u00f1os de experiencia en el sector de la alimentaci\u00f3n Servifibal ofrecer\u00e1 soluciones a sus clientes para cumplir con la normativa fiscal VeriFactu.<br>Os dejamos a continuaci\u00f3n una nota informativa sobre que implicara a las empresas y aut\u00f3nomos esta nueva ley y cuales de nuestros productos ser\u00e1n v\u00e1lidos para la misma.<\/p>\n\n\n\n<h2 class=\"wp-block-heading\">Ley 11\/2021 contra el fraude fiscal en Espa\u00f1a<\/h2>\n\n\n\n<p>La Ley 11\/2021 de medidas de prevenci\u00f3n y lucha contra el fraude fiscal tiene como objetivo evitar la manipulaci\u00f3n de datos contables que permitan una doble contabilidad o la alteraci\u00f3n de registros de las operaciones realizadas.<br>Esta ley recoge la obligaci\u00f3n, por parte de los productores, comercializadores y usuarios, de que los sistemas y programas inform\u00e1ticos o electr\u00f3nicos que soporten los procesos contables, de facturaci\u00f3n o de gesti\u00f3n de quienes desarrollen actividades econ\u00f3micas, garanticen la integridad, conservaci\u00f3n, accesibilidad, legibilidad, trazabilidad e inalterabilidad de los registros, sin interpolaciones, omisiones o alteraciones de las que no quede la debida anotaci\u00f3n en los sistemas mismos. Con esto se pretende prohibir lo que se conoce como \u201csoftware de doble uso\u201d o programas inform\u00e1ticos que permitan a los usuarios llevar una \u201ccontabilidad B\u201d para poder facturar sin declararlo.<\/p>\n\n\n\n<p>Asimismo, la ley introduce los requisitos que deben cumplir los Sistemas Inform\u00e1ticos de Facturaci\u00f3n (SIF), y que deber\u00e1n utilizarse por empresas y profesionales a la hora de emitir facturas acordes a la nueva normativa.<\/p>\n\n\n\n<h2 class=\"wp-block-heading\">\u00bfQu\u00e9 es SIF y qu\u00e9 es VeriFactu?<\/h2>\n\n\n\n<p>Un Sistema Inform\u00e1tico de Facturaci\u00f3n o SIF es aquel sistema que toda empresa o profesional, que no realice su facturaci\u00f3n manualmente, utiliza para generar y emitir sus facturas. Y un sistema VeriFactu, es un sistema de emisi\u00f3n de facturas verificables que pueda realizar su env\u00edo a la Agencia Tributaria. Aquellos Sistemas Inform\u00e1ticos de Facturaci\u00f3n (SIF) que remitan de manera electr\u00f3nica todos los registros de facturas a la AEAT, y que cumplan con los principios de integridad, conservaci\u00f3n, accesibilidad, legibilidad, trazabilidad e inalterabilidad de los registros de facturas se consideraran sistemas VeriFactu.<\/p>\n\n\n\n<h2 class=\"wp-block-heading\">\u00bfA qui\u00e9n afecta VeriFactu?<\/h2>\n\n\n\n<p>El \u00abReglamento VeriFactu\u00bb se aplica en todo el territorio espa\u00f1ol, teniendo en cuenta las particularidades establecidas en su normativa espec\u00edfica para Canarias, Ceuta y Melilla. En el caso de los territorios forales del Pa\u00eds Vasco y Navarra, el reglamento solo ser\u00e1 aplicable a los obligados tributarios correspondientes que tengan su domicilio fiscal en territorio com\u00fan.<\/p>\n\n\n\n<p>Las empresas y profesionales afectados por esta normativa son aquellos que emitan facturas, a excepci\u00f3n de los contribuyentes obligados a presentar el Suministro Inmediato de Informaci\u00f3n (SII), salvo en casos excepcionales. Por tanto, el \u00abReglamento VeriFactu\u00bb ser\u00e1 aplicable a los siguientes obligados tributarios que utilicen Sistemas Inform\u00e1ticos de Facturaci\u00f3n (SIF), aunque solo los usen para una parte de su actividad:<\/p>\n\n\n\n<ul class=\"wp-block-list\">\n<li>Los contribuyentes del IS, con excepci\u00f3n de entidades exentas. Para entidades parcialmente exentas, la obligaci\u00f3n se aplica exclusivamente a operaciones que generen rentas que est\u00e9n sujetas y no exentas.<\/li>\n\n\n\n<li>Los contribuyentes del IRPF que desarrollen actividades econ\u00f3micas.<\/li>\n\n\n\n<li>Los contribuyentes del IRNR que obtengan rentas mediante establecimiento permanente.<\/li>\n\n\n\n<li>Las entidades en r\u00e9gimen de atribuci\u00f3n de rentas que desarrollen actividades econ\u00f3micas, sin perjuicio de la atribuci\u00f3n de rendimientos que corresponda efectuar a sus miembros.<\/li>\n\n\n\n<li>A los productores y comercializadores de los sistemas inform\u00e1ticos de facturaci\u00f3n, en relaci\u00f3n con sus actividades de producci\u00f3n y comercializaci\u00f3n de los sistemas inform\u00e1ticos puestos a disposici\u00f3n de los obligados tributarios.<\/li>\n<\/ul>\n\n\n\n<h2 class=\"wp-block-heading\">Reglamento UE 1169\/2011.<\/h2>\n\n\n\n<p>Todos los modelos que se detallan a continuaci\u00f3n cumplen con el reglamento UE 1169\/2011 que hace referencia a la informaci\u00f3n alimentaria obligatoria. Los tama\u00f1os de las fuentes, los efectos de negrita, subrayado o ambos a la vez. Incluye tambi\u00e9n la posibilidad de utilizar el texto G en el que podremos incluir hasta 3.000 caracteres para poner los ingredientes ya sea en MAYUSCULAS o min\u00fasculas as\u00ed como los al\u00e9rgenos resaltados comentados anteriormente. De la misma forma la balanza nos permite poner el n\u00famero de lote, fecha de envasado, fecha de caducidad, etc\u2026<\/p>\n\n\n\n<h2 class=\"wp-block-heading\" id=\"fechas\">\u00bfCu\u00e1ndo entrar\u00e1 en vigor VeriFactu?<\/h2>\n\n\n\n<p>El Real Decreto 1007\/2023, entr\u00f3 en vigor el d\u00eda siguiente al de su publicaci\u00f3n en el BOE, el 7 de diciembre de 2023. Sin embargo, dado el desarrollo t\u00e9cnico que exigen las medidas que contempla, se establecen una serie de plazos para que los distintos sujetos puedan adaptarse a las exigencias de la nueva normativa:<\/p>\n\n\n\n<p>Los obligados tributarios que utilicen sistemas inform\u00e1ticos de facturaci\u00f3n (empresas, empresarios, profesionales, etc.) deber\u00e1n tener operativos los sistemas inform\u00e1ticos adaptados a las caracter\u00edsticas y requisitos que se establecen en el reglamento y en su normativa de desarrollo antes del 1 de julio de 2025. Los productores y comercializadores de Sistemas Inform\u00e1ticos de Facturaci\u00f3n (SIF) deber\u00e1n ofrecer sus soluciones adaptadas en un plazo m\u00e1ximo de nueve meses desde la entrada en vigor de la Orden Ministerial que desarrolla el reglamento.<\/p>\n\n\n\n<div class=\"wp-block-columns is-layout-flex wp-container-core-columns-is-layout-28f84493 wp-block-columns-is-layout-flex\">\n<div class=\"wp-block-column is-layout-flow wp-block-column-is-layout-flow\" style=\"flex-basis:25%\"><\/div>\n\n\n\n<div class=\"wp-block-column is-layout-flow wp-block-column-is-layout-flow\" style=\"flex-basis:50%\">\n<p>\ud83d\udcc5 Nuevas fechas de obligatoriedad:<\/p>\n\n\n\n<p>\u2714 Empresas \/ Personas Jur\u00eddicas:<br>Hasta el 1 de enero de 2026 (antes: 1 de julio de 2025)<br>\u2714 Profesionales Aut\u00f3nomos:<br>Hasta el 1 de julio de 2026<\/p>\n<\/div>\n\n\n\n<div class=\"wp-block-column is-layout-flow wp-block-column-is-layout-flow\" style=\"flex-basis:25%\"><\/div>\n<\/div>\n\n\n\n<h2 class=\"wp-block-heading\">Requisitos de los Sistemas Inform\u00e1ticos de Facturaci\u00f3n (SIF)<\/h2>\n\n\n\n<p>El \u00abReglamento VeriFactu\u00bb establece que los sistemas inform\u00e1ticos utilizados para registrar y documentar las entregas de bienes y prestaciones de servicios deben garantizar la integridad, conservaci\u00f3n, accesibilidad, legibilidad, trazabilidad e inalterabilidad de los registros de facturaci\u00f3n. Adem\u00e1s, deber\u00e1n tener la capacidad de enviar electr\u00f3nicamente a la Agencia Tributaria, de manera continua, segura, correcta, \u00edntegra, autom\u00e1tica, consecutiva, instant\u00e1nea y fehaciente, todos los registros de facturaci\u00f3n generados. Para ello, los sistemas inform\u00e1ticos tendr\u00e1n que:<\/p>\n\n\n\n<p>Admitir la entrada de informaci\u00f3n de facturaci\u00f3n por cualquier m\u00e9todo.<br>Conservar y procesar la informaci\u00f3n de facturaci\u00f3n, ya sea en el propio sistema inform\u00e1tico de facturaci\u00f3n o mediante un soporte f\u00edsico externo o a trav\u00e9s de la remisi\u00f3n telem\u00e1tica a otro sistema inform\u00e1tico, sea o no de facturaci\u00f3n.<br>Generar, de forma simult\u00e1nea o inmediatamente anterior a la expedici\u00f3n de la factura, un registro de alta de la factura.<br>Incorporar una huella o hash en los registros de alta y anulaci\u00f3n, que los encadene y garantice su trazabilidad.<br>Firmar los registros de facturaci\u00f3n con el certificado electr\u00f3nico del proveedor del SIF.<br>Incorporar un c\u00f3digo QR legible en la factura que facilite su captura y digitalizaci\u00f3n e incluso permita al receptor proporcionar de forma voluntaria informaci\u00f3n de \u00e9sta a la AEAT.<br>Posibilitar la remisi\u00f3n a la AEAT de todos los registros de facturaci\u00f3n de forma continua y autom\u00e1tica.<br>Facilitar el acceso inmediato y\/o extracci\u00f3n de datos a la AEAT<\/p>\n\n\n\n<h2 class=\"wp-block-heading\">Caracter\u00edsticas de los registros de facturaci\u00f3n<\/h2>\n\n\n\n<p>Los Sistemas Inform\u00e1ticos de Facturaci\u00f3n que se empleen deber\u00e1n generar autom\u00e1ticamente un registro de facturaci\u00f3n de alta de manera simult\u00e1nea o inmediatamente anterior a la expedici\u00f3n de cada factura detallando el contenido m\u00ednimo a generar. Cada registro de facturaci\u00f3n de alta deber\u00e1 incluir:<\/p>\n\n\n\n<ul class=\"wp-block-list\">\n<li>NIF, nombre y apellidos, raz\u00f3n o denominaci\u00f3n del obligado a expedir la factura.<\/li>\n\n\n\n<li>N\u00famero y, en su caso, serie de la factura; as\u00ed como la fecha de su expedici\u00f3n y aquella en la que se hayan efectuado las operaciones que se documentan o se haya recibido el pago anticipado, en su caso.<\/li>\n\n\n\n<li>El tipo de factura expedida, indicando si es completa o simplificada, y, en su caso, el detalle adicional que proceda para la correcta identificaci\u00f3n del tipo de factura expedida.<\/li>\n\n\n\n<li>La descripci\u00f3n general de las operaciones y el importe total de la factura.<\/li>\n\n\n\n<li>La indicaci\u00f3n del r\u00e9gimen o reg\u00edmenes aplicados a las operaciones documentadas a efectos del IVA, o de otras operaciones con trascendencia tributaria.<\/li>\n\n\n\n<li>La indicaci\u00f3n de si el destinatario de la factura es el sujeto pasivo del IVA.<\/li>\n\n\n\n<li>La base imponible de las operaciones, la cuota del IVA, el tipo o tipos del recargo de equivalencia  aplicados y la cuota del recargo de equivalencia.<\/li>\n\n\n\n<li>Si la operaci\u00f3n no se encuentra sujeta al IVA, el importe que corresponde a dicha operaci\u00f3n y la causa de la no sujeci\u00f3n al impuesto.<\/li>\n\n\n\n<li>La fecha, hora, minuto y segundo en que se genere el registro de facturaci\u00f3n de alta.<\/li>\n<\/ul>\n\n\n\n<p>Cuando se haya emitido err\u00f3neamente una factura y sea necesario anular su correspondiente registro de facturaci\u00f3n de alta, tendr\u00e1 que generarse un registro de facturaci\u00f3n de anulaci\u00f3n, con la informaci\u00f3n necesaria para efectuar correctamente la anulaci\u00f3n. Por otra parte, el reglamento incorpora mecanismos de seguridad para garantizar que no se alteren los registros de facturaci\u00f3n como la huella o hash y la firma electr\u00f3nica.<\/p>\n\n\n\n<h2 class=\"wp-block-heading\">Registro de eventos de los Sistemas Inform\u00e1ticos de Facturaci\u00f3n (SIF)<\/h2>\n\n\n\n<p>Los Sistemas Inform\u00e1ticos de Facturaci\u00f3n deber\u00e1n implementar un registro de<br>eventos que recabe todas las interacciones realizadas con el sistema<br>inform\u00e1tico, as\u00ed como las operaciones realizadas y los eventos producidos<br>durante su uso. Esta funcionalidad de los sistemas inform\u00e1ticos que ofrecemos<br>en SERVIFIBAL juntamente con Dibal deber\u00e1:<\/p>\n\n\n\n<p>Garantizar la trazabilidad de cualquier descarga, volcado o almacenamiento de registros.<br>Garantizar la conservaci\u00f3n inalterable de los datos originales, registrando cualquier modificaci\u00f3n o anulaci\u00f3n mediante la creaci\u00f3n de un nuevo registro.<br>Conservar todos los registros de facturaci\u00f3n generados por el propio sistema.<br>Contar con un registro que recoja, de forma autom\u00e1tica, cualquier interacci\u00f3n, operaci\u00f3n realizada, puesta en marcha y parada, entrada y salida de usuarios y errores ocurridos.<\/p>\n\n\n\n<h2 class=\"wp-block-heading\">\u00bfC\u00f3mo se identifican las facturas VeriFactu?<\/h2>\n\n\n\n<p>Cuando una empresa o profesional env\u00ede a la AEAT todos sus registros de facturaci\u00f3n, es necesario dejar constancia de este procedimiento en las propias facturas. Para ello, las facturas VeriFactu de las balanzas Dibal de que ofrece SERVIFIBAL deber\u00e1n cumplir con los siguientes requisitos:<\/p>\n\n\n\n<p>Incorporar un c\u00f3digo QR con una serie de datos identificativos de la factura.<br>Incluir una referencia indicando que han sido generadas mediante un sistema de emisi\u00f3n de facturas verificables con la etiqueta \u00abVERI*FACTU\u00bb. <br>Contar un registro de eventos por cada factura emitida que refleje todas las acciones realizadas en el sistema.<br>Permitir su env\u00edo a la Agencia Tributaria mediante un dispositivo de lectura para c\u00f3digo QR.<\/p>\n\n\n\n<h2 class=\"wp-block-heading\">Beneficios del sistema de emisi\u00f3n de facturas VeriFactu<\/h2>\n\n\n\n<p>El objetivo de este sistema es luchar contra el fraude fiscal, dando a la Agencia Tributaria una mayor capacidad de control sobre las facturas emitidas por empresarios y profesionales. Por otra parte, los emisores y destinatarios de facturas tambi\u00e9n se ver\u00e1n beneficiados de las siguientes ventajas:<\/p>\n\n\n\n<ul class=\"wp-block-list\">\n<li>Los registros se incorporan autom\u00e1ticamente en la contabilidad, a trav\u00e9s de los libros de registro de ventas e ingresos o de ingresos en el IRPF y de facturas expedidas en el IVA.<\/li>\n\n\n\n<li>No es necesaria la firma electr\u00f3nica para introducir o anular una factura.<\/li>\n\n\n\n<li>Cumplir con los requisitos legales establecidos por la Agencia Tributaria disminuye la probabilidad de ser sometido a una inspecci\u00f3n tributaria.<\/li>\n\n\n\n<li>Se agilizan los procesos de facturaci\u00f3n y contabilidad y se les dota de mayor transparencia.<\/li>\n\n\n\n<li>Digitalizaci\u00f3n de los procesos internos de facturaci\u00f3n de las empresas y sus comunicaciones con la Agencia Tributaria<\/li>\n\n\n\n<li>Los destinatarios podr\u00e1n verificar en l\u00ednea la informaci\u00f3n de las facturas recibidas y descargarla para incluirla en sus libros registro.<br><\/li>\n<\/ul>\n\n\n\n<h2 class=\"wp-block-heading\">\u00bfQu\u00e9 soluciones ofrece SERVIFIBAL S.L.?<\/h2>\n\n\n\n<p>Des de Servifibal ofrecemos la soluci\u00f3n perfecta a esta nueva normativa. Con m\u00e1s de 30 a\u00f1os de experiencia en el sector de pesaje de la mano de Dibal ofrecemos toda la gama de balanzas PC serie CS2100 y CS2200 que cumplir\u00e1n todos estos requisitos de la nueva ley.<\/p>\n\n\n\n<p>No dude en contactar con nosotros o bien visitarnos en nuestra gran sala de exposici\u00f3n con m\u00e1s de 50 m2 donde podr\u00e1 ver de primera mano toda la gama de balanzas, as\u00ed como una gran variedad de cortadoras, envasadoras, picadoras, sierras de huesos y multitud de complementos para su negocio de alimentaci\u00f3n.<\/p>\n","protected":false},"excerpt":{"rendered":"<p>Des de Servifibal queremos preparar a nuestros clientes para la entrada de esta nueva normativa que ser\u00e1 obligatoria a partir del d\u00eda 1 de enero del 2026. \u00a1Nuevas fechas de obligatoriedad!<\/p>\n","protected":false},"author":1,"featured_media":73803,"comment_status":"closed","ping_status":"closed","sticky":false,"template":"","format":"standard","meta":{"_yoast_wpseo_focuskw":"","_yoast_wpseo_title":"","_yoast_wpseo_metadesc":"","_joinchat":[],"footnotes":""},"categories":[421],"tags":[],"class_list":["post-74051","post","type-post","status-publish","format-standard","has-post-thumbnail","hentry","category-sin-categoria"],"yoast_head":"<!-- This site is optimized with the Yoast SEO plugin v27.1.1 - https:\/\/yoast.com\/product\/yoast-seo-wordpress\/ -->\n<title>Servifibal y VeriFactu - Servifibal<\/title>\n<meta name=\"robots\" content=\"index, follow, max-snippet:-1, max-image-preview:large, max-video-preview:-1\" \/>\n<link rel=\"canonical\" href=\"https:\/\/servifibal.cat\/es\/servifibal-y-verifactu\/\" \/>\n<meta property=\"og:locale\" content=\"es_ES\" \/>\n<meta property=\"og:type\" content=\"article\" \/>\n<meta property=\"og:title\" content=\"Servifibal y VeriFactu - Servifibal\" \/>\n<meta property=\"og:description\" content=\"Des de Servifibal queremos preparar a nuestros clientes para la entrada de esta nueva normativa que ser\u00e1 obligatoria a partir del d\u00eda 1 de enero del 2026. \u00a1Nuevas fechas de obligatoriedad!\" \/>\n<meta property=\"og:url\" content=\"https:\/\/servifibal.cat\/es\/servifibal-y-verifactu\/\" \/>\n<meta property=\"og:site_name\" content=\"Servifibal\" \/>\n<meta property=\"article:published_time\" content=\"2024-03-14T17:57:48+00:00\" \/>\n<meta property=\"article:modified_time\" content=\"2026-01-30T12:49:07+00:00\" \/>\n<meta property=\"og:image\" content=\"https:\/\/servifibal.cat\/wp-content\/uploads\/2023\/12\/logo-amplio.png\" \/>\n\t<meta property=\"og:image:width\" content=\"1600\" \/>\n\t<meta property=\"og:image:height\" content=\"674\" \/>\n\t<meta property=\"og:image:type\" content=\"image\/png\" \/>\n<meta name=\"author\" content=\"fer@ferbcn.com\" \/>\n<meta name=\"twitter:card\" content=\"summary_large_image\" \/>\n<meta name=\"twitter:label1\" content=\"Escrito por\" \/>\n\t<meta name=\"twitter:data1\" content=\"fer@ferbcn.com\" \/>\n\t<meta name=\"twitter:label2\" content=\"Tiempo de lectura\" \/>\n\t<meta name=\"twitter:data2\" content=\"11 minutos\" \/>\n<script type=\"application\/ld+json\" class=\"yoast-schema-graph\">{\"@context\":\"https:\/\/schema.org\",\"@graph\":[{\"@type\":\"Article\",\"@id\":\"https:\/\/servifibal.cat\/es\/servifibal-y-verifactu\/#article\",\"isPartOf\":{\"@id\":\"https:\/\/servifibal.cat\/es\/servifibal-y-verifactu\/\"},\"author\":{\"name\":\"fer@ferbcn.com\",\"@id\":\"https:\/\/servifibal.cat\/es\/#\/schema\/person\/6972d59af228f36907da4983e1a3b68f\"},\"headline\":\"Servifibal y VeriFactu\",\"datePublished\":\"2024-03-14T17:57:48+00:00\",\"dateModified\":\"2026-01-30T12:49:07+00:00\",\"mainEntityOfPage\":{\"@id\":\"https:\/\/servifibal.cat\/es\/servifibal-y-verifactu\/\"},\"wordCount\":2080,\"publisher\":{\"@id\":\"https:\/\/servifibal.cat\/es\/#organization\"},\"image\":{\"@id\":\"https:\/\/servifibal.cat\/es\/servifibal-y-verifactu\/#primaryimage\"},\"thumbnailUrl\":\"https:\/\/servifibal.cat\/wp-content\/uploads\/2023\/12\/logo-amplio.png\",\"inLanguage\":\"es\"},{\"@type\":\"WebPage\",\"@id\":\"https:\/\/servifibal.cat\/es\/servifibal-y-verifactu\/\",\"url\":\"https:\/\/servifibal.cat\/es\/servifibal-y-verifactu\/\",\"name\":\"Servifibal y VeriFactu - Servifibal\",\"isPartOf\":{\"@id\":\"https:\/\/servifibal.cat\/es\/#website\"},\"primaryImageOfPage\":{\"@id\":\"https:\/\/servifibal.cat\/es\/servifibal-y-verifactu\/#primaryimage\"},\"image\":{\"@id\":\"https:\/\/servifibal.cat\/es\/servifibal-y-verifactu\/#primaryimage\"},\"thumbnailUrl\":\"https:\/\/servifibal.cat\/wp-content\/uploads\/2023\/12\/logo-amplio.png\",\"datePublished\":\"2024-03-14T17:57:48+00:00\",\"dateModified\":\"2026-01-30T12:49:07+00:00\",\"breadcrumb\":{\"@id\":\"https:\/\/servifibal.cat\/es\/servifibal-y-verifactu\/#breadcrumb\"},\"inLanguage\":\"es\",\"potentialAction\":[{\"@type\":\"ReadAction\",\"target\":[\"https:\/\/servifibal.cat\/es\/servifibal-y-verifactu\/\"]}]},{\"@type\":\"ImageObject\",\"inLanguage\":\"es\",\"@id\":\"https:\/\/servifibal.cat\/es\/servifibal-y-verifactu\/#primaryimage\",\"url\":\"https:\/\/servifibal.cat\/wp-content\/uploads\/2023\/12\/logo-amplio.png\",\"contentUrl\":\"https:\/\/servifibal.cat\/wp-content\/uploads\/2023\/12\/logo-amplio.png\",\"width\":1600,\"height\":674},{\"@type\":\"BreadcrumbList\",\"@id\":\"https:\/\/servifibal.cat\/es\/servifibal-y-verifactu\/#breadcrumb\",\"itemListElement\":[{\"@type\":\"ListItem\",\"position\":1,\"name\":\"Portada\",\"item\":\"https:\/\/servifibal.cat\/es\/inicio\/\"},{\"@type\":\"ListItem\",\"position\":2,\"name\":\"Servifibal y VeriFactu\"}]},{\"@type\":\"WebSite\",\"@id\":\"https:\/\/servifibal.cat\/es\/#website\",\"url\":\"https:\/\/servifibal.cat\/es\/\",\"name\":\"Servifibal\",\"description\":\"Solucions per al petit comer\u00e7\",\"publisher\":{\"@id\":\"https:\/\/servifibal.cat\/es\/#organization\"},\"potentialAction\":[{\"@type\":\"SearchAction\",\"target\":{\"@type\":\"EntryPoint\",\"urlTemplate\":\"https:\/\/servifibal.cat\/es\/?s={search_term_string}\"},\"query-input\":{\"@type\":\"PropertyValueSpecification\",\"valueRequired\":true,\"valueName\":\"search_term_string\"}}],\"inLanguage\":\"es\"},{\"@type\":\"Organization\",\"@id\":\"https:\/\/servifibal.cat\/es\/#organization\",\"name\":\"Servifibal\",\"url\":\"https:\/\/servifibal.cat\/es\/\",\"logo\":{\"@type\":\"ImageObject\",\"inLanguage\":\"es\",\"@id\":\"https:\/\/servifibal.cat\/es\/#\/schema\/logo\/image\/\",\"url\":\"https:\/\/servifibal.cat\/wp-content\/uploads\/2025\/11\/00-Logo-nou-blanc.png\",\"contentUrl\":\"https:\/\/servifibal.cat\/wp-content\/uploads\/2025\/11\/00-Logo-nou-blanc.png\",\"width\":176,\"height\":38,\"caption\":\"Servifibal\"},\"image\":{\"@id\":\"https:\/\/servifibal.cat\/es\/#\/schema\/logo\/image\/\"}},{\"@type\":\"Person\",\"@id\":\"https:\/\/servifibal.cat\/es\/#\/schema\/person\/6972d59af228f36907da4983e1a3b68f\",\"name\":\"fer@ferbcn.com\",\"image\":{\"@type\":\"ImageObject\",\"inLanguage\":\"es\",\"@id\":\"https:\/\/servifibal.cat\/es\/#\/schema\/person\/image\/\",\"url\":\"https:\/\/secure.gravatar.com\/avatar\/ed74e9b5c60a29a9eaa5e4074af7e445ac52ca40b8cbe9830dfcd9b8a355e2a2?s=96&d=mm&r=g\",\"contentUrl\":\"https:\/\/secure.gravatar.com\/avatar\/ed74e9b5c60a29a9eaa5e4074af7e445ac52ca40b8cbe9830dfcd9b8a355e2a2?s=96&d=mm&r=g\",\"caption\":\"fer@ferbcn.com\"},\"sameAs\":[\"http:\/\/servifibal.cat\"],\"url\":\"https:\/\/servifibal.cat\/es\/author\/ferferbcn-com\/\"}]}<\/script>\n<!-- \/ Yoast SEO plugin. -->","yoast_head_json":{"title":"Servifibal y VeriFactu - Servifibal","robots":{"index":"index","follow":"follow","max-snippet":"max-snippet:-1","max-image-preview":"max-image-preview:large","max-video-preview":"max-video-preview:-1"},"canonical":"https:\/\/servifibal.cat\/es\/servifibal-y-verifactu\/","og_locale":"es_ES","og_type":"article","og_title":"Servifibal y VeriFactu - Servifibal","og_description":"Des de Servifibal queremos preparar a nuestros clientes para la entrada de esta nueva normativa que ser\u00e1 obligatoria a partir del d\u00eda 1 de enero del 2026. \u00a1Nuevas fechas de obligatoriedad!","og_url":"https:\/\/servifibal.cat\/es\/servifibal-y-verifactu\/","og_site_name":"Servifibal","article_published_time":"2024-03-14T17:57:48+00:00","article_modified_time":"2026-01-30T12:49:07+00:00","og_image":[{"width":1600,"height":674,"url":"https:\/\/servifibal.cat\/wp-content\/uploads\/2023\/12\/logo-amplio.png","type":"image\/png"}],"author":"fer@ferbcn.com","twitter_card":"summary_large_image","twitter_misc":{"Escrito por":"fer@ferbcn.com","Tiempo de lectura":"11 minutos"},"schema":{"@context":"https:\/\/schema.org","@graph":[{"@type":"Article","@id":"https:\/\/servifibal.cat\/es\/servifibal-y-verifactu\/#article","isPartOf":{"@id":"https:\/\/servifibal.cat\/es\/servifibal-y-verifactu\/"},"author":{"name":"fer@ferbcn.com","@id":"https:\/\/servifibal.cat\/es\/#\/schema\/person\/6972d59af228f36907da4983e1a3b68f"},"headline":"Servifibal y VeriFactu","datePublished":"2024-03-14T17:57:48+00:00","dateModified":"2026-01-30T12:49:07+00:00","mainEntityOfPage":{"@id":"https:\/\/servifibal.cat\/es\/servifibal-y-verifactu\/"},"wordCount":2080,"publisher":{"@id":"https:\/\/servifibal.cat\/es\/#organization"},"image":{"@id":"https:\/\/servifibal.cat\/es\/servifibal-y-verifactu\/#primaryimage"},"thumbnailUrl":"https:\/\/servifibal.cat\/wp-content\/uploads\/2023\/12\/logo-amplio.png","inLanguage":"es"},{"@type":"WebPage","@id":"https:\/\/servifibal.cat\/es\/servifibal-y-verifactu\/","url":"https:\/\/servifibal.cat\/es\/servifibal-y-verifactu\/","name":"Servifibal y VeriFactu - Servifibal","isPartOf":{"@id":"https:\/\/servifibal.cat\/es\/#website"},"primaryImageOfPage":{"@id":"https:\/\/servifibal.cat\/es\/servifibal-y-verifactu\/#primaryimage"},"image":{"@id":"https:\/\/servifibal.cat\/es\/servifibal-y-verifactu\/#primaryimage"},"thumbnailUrl":"https:\/\/servifibal.cat\/wp-content\/uploads\/2023\/12\/logo-amplio.png","datePublished":"2024-03-14T17:57:48+00:00","dateModified":"2026-01-30T12:49:07+00:00","breadcrumb":{"@id":"https:\/\/servifibal.cat\/es\/servifibal-y-verifactu\/#breadcrumb"},"inLanguage":"es","potentialAction":[{"@type":"ReadAction","target":["https:\/\/servifibal.cat\/es\/servifibal-y-verifactu\/"]}]},{"@type":"ImageObject","inLanguage":"es","@id":"https:\/\/servifibal.cat\/es\/servifibal-y-verifactu\/#primaryimage","url":"https:\/\/servifibal.cat\/wp-content\/uploads\/2023\/12\/logo-amplio.png","contentUrl":"https:\/\/servifibal.cat\/wp-content\/uploads\/2023\/12\/logo-amplio.png","width":1600,"height":674},{"@type":"BreadcrumbList","@id":"https:\/\/servifibal.cat\/es\/servifibal-y-verifactu\/#breadcrumb","itemListElement":[{"@type":"ListItem","position":1,"name":"Portada","item":"https:\/\/servifibal.cat\/es\/inicio\/"},{"@type":"ListItem","position":2,"name":"Servifibal y VeriFactu"}]},{"@type":"WebSite","@id":"https:\/\/servifibal.cat\/es\/#website","url":"https:\/\/servifibal.cat\/es\/","name":"Servifibal","description":"Solucions per al petit comer\u00e7","publisher":{"@id":"https:\/\/servifibal.cat\/es\/#organization"},"potentialAction":[{"@type":"SearchAction","target":{"@type":"EntryPoint","urlTemplate":"https:\/\/servifibal.cat\/es\/?s={search_term_string}"},"query-input":{"@type":"PropertyValueSpecification","valueRequired":true,"valueName":"search_term_string"}}],"inLanguage":"es"},{"@type":"Organization","@id":"https:\/\/servifibal.cat\/es\/#organization","name":"Servifibal","url":"https:\/\/servifibal.cat\/es\/","logo":{"@type":"ImageObject","inLanguage":"es","@id":"https:\/\/servifibal.cat\/es\/#\/schema\/logo\/image\/","url":"https:\/\/servifibal.cat\/wp-content\/uploads\/2025\/11\/00-Logo-nou-blanc.png","contentUrl":"https:\/\/servifibal.cat\/wp-content\/uploads\/2025\/11\/00-Logo-nou-blanc.png","width":176,"height":38,"caption":"Servifibal"},"image":{"@id":"https:\/\/servifibal.cat\/es\/#\/schema\/logo\/image\/"}},{"@type":"Person","@id":"https:\/\/servifibal.cat\/es\/#\/schema\/person\/6972d59af228f36907da4983e1a3b68f","name":"fer@ferbcn.com","image":{"@type":"ImageObject","inLanguage":"es","@id":"https:\/\/servifibal.cat\/es\/#\/schema\/person\/image\/","url":"https:\/\/secure.gravatar.com\/avatar\/ed74e9b5c60a29a9eaa5e4074af7e445ac52ca40b8cbe9830dfcd9b8a355e2a2?s=96&d=mm&r=g","contentUrl":"https:\/\/secure.gravatar.com\/avatar\/ed74e9b5c60a29a9eaa5e4074af7e445ac52ca40b8cbe9830dfcd9b8a355e2a2?s=96&d=mm&r=g","caption":"fer@ferbcn.com"},"sameAs":["http:\/\/servifibal.cat"],"url":"https:\/\/servifibal.cat\/es\/author\/ferferbcn-com\/"}]}},"_links":{"self":[{"href":"https:\/\/servifibal.cat\/es\/wp-json\/wp\/v2\/posts\/74051","targetHints":{"allow":["GET"]}}],"collection":[{"href":"https:\/\/servifibal.cat\/es\/wp-json\/wp\/v2\/posts"}],"about":[{"href":"https:\/\/servifibal.cat\/es\/wp-json\/wp\/v2\/types\/post"}],"author":[{"embeddable":true,"href":"https:\/\/servifibal.cat\/es\/wp-json\/wp\/v2\/users\/1"}],"replies":[{"embeddable":true,"href":"https:\/\/servifibal.cat\/es\/wp-json\/wp\/v2\/comments?post=74051"}],"version-history":[{"count":1,"href":"https:\/\/servifibal.cat\/es\/wp-json\/wp\/v2\/posts\/74051\/revisions"}],"predecessor-version":[{"id":76098,"href":"https:\/\/servifibal.cat\/es\/wp-json\/wp\/v2\/posts\/74051\/revisions\/76098"}],"wp:featuredmedia":[{"embeddable":true,"href":"https:\/\/servifibal.cat\/es\/wp-json\/wp\/v2\/media\/73803"}],"wp:attachment":[{"href":"https:\/\/servifibal.cat\/es\/wp-json\/wp\/v2\/media?parent=74051"}],"wp:term":[{"taxonomy":"category","embeddable":true,"href":"https:\/\/servifibal.cat\/es\/wp-json\/wp\/v2\/categories?post=74051"},{"taxonomy":"post_tag","embeddable":true,"href":"https:\/\/servifibal.cat\/es\/wp-json\/wp\/v2\/tags?post=74051"}],"curies":[{"name":"wp","href":"https:\/\/api.w.org\/{rel}","templated":true}]}}