{"id":72690,"date":"2020-10-28T07:02:15","date_gmt":"2020-10-28T07:02:15","guid":{"rendered":"https:\/\/servifibal.cat\/?p=72690"},"modified":"2026-01-30T13:25:28","modified_gmt":"2026-01-30T13:25:28","slug":"orden-ict-155-2020-como-afecta-a-los-instrumentos-de-pesaje","status":"publish","type":"post","link":"https:\/\/servifibal.cat\/es\/orden-ict-155-2020-como-afecta-a-los-instrumentos-de-pesaje\/","title":{"rendered":"Orden ICT\/155\/2020. C\u00f3mo afecta a los instrumentos de pesaje."},"content":{"rendered":"\n<p class=\"has-drop-cap has-text-align-justify\">Recientemente se ha publicado en el BOE la nueva orden ICT \/ 155\/2020 que regula los instrumentos de pesaje de funcionamiento no autom\u00e1tico y pesaje Autom\u00e1tico. Esta orden entra en vigor el 24 de octubre del a\u00f1o 2020 y aqu\u00ed os contamos en qu\u00e9 consiste.<\/p>\n\n\n\n<!--more-->\n\n\n\n<h3 class=\"wp-block-heading\">Afectaci\u00f3n a los equipos de funcionamiento NO autom\u00e1tico<\/h3>\n\n\n\n<ul class=\"wp-block-list\"><li>Desaparece el libro registro, los usuarios no deben conservarlo: pero si tienen obligaci\u00f3n de guardar TODOS los partes de trabajo que les entregue el reparador mientras el instrumento este en uso.<\/li><li>Establece en un mes. desde la presentaci\u00f3n de la solicitud, el plazo de los verificadores para realizar la verificaci\u00f3n<\/li><li>Introduce la obligatoriedad de la comprobaci\u00f3n del software en la verificaci\u00f3n.<\/li><li>Ordena la comprobaci\u00f3n de la compatibilidad de m\u00f3dulos del instrumento cuando sea pertinente.<\/li><li>Los instrumentos no explotar\u00e1n el error m\u00e1ximo permitido, deben ajustarse siempre a cero.<\/li><li>Concreta qu\u00e9 modificaciones hacen que un instrumento se considere nuevo y deba pasar una nueva evaluaci\u00f3n de conformidad: \u00abUn instrumento de medida, si ha sido objeto de cambios importantes dirigidos a modificar sus prestaciones. su prop\u00f3sito o su evaluaci\u00f3n de la conformidad, despu\u00e9s de haber sido puesto en servicio, debe ser considerado como un instrumento de medida nuevo\u201d.<\/li><li>Se deroga la orden del 27 de abril de 1999.<\/li><\/ul>\n\n\n\n<div style=\"height:50px\" aria-hidden=\"true\" class=\"wp-block-spacer\"><\/div>\n\n\n\n<h3 class=\"wp-block-heading\">Como afecta la orden ICT al os usuarios<\/h3>\n\n\n\n<ul class=\"wp-block-list\"><li>La verificaci\u00f3n tras reparaci\u00f3n. Deber\u00e1n ponerla fuera de servicio si una vez asignada la fecha y lugar de la verificaci\u00f3n \u00e9sta no puede realizarse por motivos imputables al titular de la misma.<\/li><li>Obliga a que la solicitud de verificaci\u00f3n peri\u00f3dica deber\u00e1 realizarse como m\u00ednimo un mes antes de los dos a\u00f1os de la puesta en servicio o desde la facha de la \u00faltima verificaci\u00f3n.<\/li><li>Define el plazo a partir del que empieza a contar la primera verificaci\u00f3n: una de ellas es la fecha del parte de instalaci\u00f3n.<\/li><li>Fija en 5 d\u00edas laborables el plazo para subsanar el error y solicitar una nueva verificaci\u00f3n cuanto el instrumento no supere la verificaci\u00f3n.<\/li><\/ul>\n\n\n\n<div style=\"height:50px\" aria-hidden=\"true\" class=\"wp-block-spacer\"><\/div>\n\n\n\n<blockquote class=\"wp-block-quote is-layout-flow wp-block-quote-is-layout-flow\"><p>Un instrumento de medida, si ha sido objeto de cambios importantes dirigidos a modificar sus prestaciones. su prop\u00f3sito o su evaluaci\u00f3n de la conformidad, despu\u00e9s de haber sido puesto en servicio, debe ser considerado como un instrumento de medida nuevo<\/p><\/blockquote>\n\n\n\n<p>Puedes encontrar m\u00e1s informaci\u00f3n en la publicaci\u00f3n del BOE: <a href=\"https:\/\/www.boe.es\/diario_boe\/txt.php?id=BOE-A-2020-2573\" target=\"_blank\" rel=\"noreferrer noopener\">https:\/\/www.boe.es\/diario_boe\/txt.php?id=BOE-A-2020-2573<\/a><\/p>\n","protected":false},"excerpt":{"rendered":"<p>Recientemente se ha publicado en el BOE la nueva orden ICT \/ 155\/2020 que regula los instrumentos de pesaje de funcionamiento no autom\u00e1tico y pesaje Autom\u00e1tico. Esta orden entra en vigor el 24 de octubre del a\u00f1o 2020 y aqu\u00ed os contamos en qu\u00e9 consiste.<\/p>\n","protected":false},"author":1,"featured_media":72699,"comment_status":"open","ping_status":"open","sticky":false,"template":"","format":"standard","meta":{"_yoast_wpseo_focuskw":"Orden ICT","_yoast_wpseo_title":"Orden ICT\/155\/2020 | Afectaci\u00f3n a instrumentos y usuarios | Servifibal","_yoast_wpseo_metadesc":"La Orden ICT \/ 155\/2020 entr\u00f3 en vigor el 24 de octubre de 2020. \u00bfC\u00f3mo afecta esta orden a los usuarios y equipos de pesaje no autom\u00e1ticos?","_joinchat":[],"footnotes":""},"categories":[421],"tags":[],"class_list":["post-72690","post","type-post","status-publish","format-standard","has-post-thumbnail","hentry","category-sin-categoria"],"yoast_head":"<!-- This site is optimized with the Yoast SEO plugin v27.1.1 - https:\/\/yoast.com\/product\/yoast-seo-wordpress\/ -->\n<title>Orden ICT\/155\/2020 | Afectaci\u00f3n a instrumentos y usuarios | Servifibal<\/title>\n<meta name=\"description\" content=\"La Orden ICT \/ 155\/2020 entr\u00f3 en vigor el 24 de octubre de 2020. \u00bfC\u00f3mo afecta esta orden a los usuarios y equipos de pesaje no autom\u00e1ticos?\" \/>\n<meta name=\"robots\" content=\"index, follow, max-snippet:-1, max-image-preview:large, max-video-preview:-1\" \/>\n<link rel=\"canonical\" href=\"https:\/\/servifibal.cat\/es\/orden-ict-155-2020-como-afecta-a-los-instrumentos-de-pesaje\/\" \/>\n<meta property=\"og:locale\" content=\"es_ES\" \/>\n<meta property=\"og:type\" content=\"article\" \/>\n<meta property=\"og:title\" content=\"Orden ICT\/155\/2020 | Afectaci\u00f3n a instrumentos y usuarios | Servifibal\" \/>\n<meta property=\"og:description\" content=\"La Orden ICT \/ 155\/2020 entr\u00f3 en vigor el 24 de octubre de 2020. \u00bfC\u00f3mo afecta esta orden a los usuarios y equipos de pesaje no autom\u00e1ticos?\" \/>\n<meta property=\"og:url\" content=\"https:\/\/servifibal.cat\/es\/orden-ict-155-2020-como-afecta-a-los-instrumentos-de-pesaje\/\" \/>\n<meta property=\"og:site_name\" content=\"Servifibal\" \/>\n<meta property=\"article:published_time\" content=\"2020-10-28T07:02:15+00:00\" \/>\n<meta property=\"article:modified_time\" content=\"2026-01-30T13:25:28+00:00\" \/>\n<meta property=\"og:image\" content=\"https:\/\/servifibal.cat\/wp-content\/uploads\/2020\/10\/portada-2.jpg\" \/>\n\t<meta property=\"og:image:width\" content=\"1200\" \/>\n\t<meta property=\"og:image:height\" content=\"513\" \/>\n\t<meta property=\"og:image:type\" content=\"image\/jpeg\" \/>\n<meta name=\"author\" content=\"fer@ferbcn.com\" \/>\n<meta name=\"twitter:card\" content=\"summary_large_image\" \/>\n<meta name=\"twitter:label1\" content=\"Escrito por\" \/>\n\t<meta name=\"twitter:data1\" content=\"fer@ferbcn.com\" \/>\n<script type=\"application\/ld+json\" class=\"yoast-schema-graph\">{\"@context\":\"https:\/\/schema.org\",\"@graph\":[{\"@type\":\"Article\",\"@id\":\"https:\/\/servifibal.cat\/es\/orden-ict-155-2020-como-afecta-a-los-instrumentos-de-pesaje\/#article\",\"isPartOf\":{\"@id\":\"https:\/\/servifibal.cat\/es\/orden-ict-155-2020-como-afecta-a-los-instrumentos-de-pesaje\/\"},\"author\":{\"name\":\"fer@ferbcn.com\",\"@id\":\"https:\/\/servifibal.cat\/es\/#\/schema\/person\/6972d59af228f36907da4983e1a3b68f\"},\"headline\":\"Orden ICT\/155\/2020. C\u00f3mo afecta a los instrumentos de pesaje.\",\"datePublished\":\"2020-10-28T07:02:15+00:00\",\"dateModified\":\"2026-01-30T13:25:28+00:00\",\"mainEntityOfPage\":{\"@id\":\"https:\/\/servifibal.cat\/es\/orden-ict-155-2020-como-afecta-a-los-instrumentos-de-pesaje\/\"},\"wordCount\":427,\"commentCount\":0,\"publisher\":{\"@id\":\"https:\/\/servifibal.cat\/es\/#organization\"},\"image\":{\"@id\":\"https:\/\/servifibal.cat\/es\/orden-ict-155-2020-como-afecta-a-los-instrumentos-de-pesaje\/#primaryimage\"},\"thumbnailUrl\":\"https:\/\/servifibal.cat\/wp-content\/uploads\/2020\/10\/portada-2.jpg\",\"inLanguage\":\"es\"},{\"@type\":\"WebPage\",\"@id\":\"https:\/\/servifibal.cat\/es\/orden-ict-155-2020-como-afecta-a-los-instrumentos-de-pesaje\/\",\"url\":\"https:\/\/servifibal.cat\/es\/orden-ict-155-2020-como-afecta-a-los-instrumentos-de-pesaje\/\",\"name\":\"Orden ICT\/155\/2020 | Afectaci\u00f3n a instrumentos y usuarios | Servifibal\",\"isPartOf\":{\"@id\":\"https:\/\/servifibal.cat\/es\/#website\"},\"primaryImageOfPage\":{\"@id\":\"https:\/\/servifibal.cat\/es\/orden-ict-155-2020-como-afecta-a-los-instrumentos-de-pesaje\/#primaryimage\"},\"image\":{\"@id\":\"https:\/\/servifibal.cat\/es\/orden-ict-155-2020-como-afecta-a-los-instrumentos-de-pesaje\/#primaryimage\"},\"thumbnailUrl\":\"https:\/\/servifibal.cat\/wp-content\/uploads\/2020\/10\/portada-2.jpg\",\"datePublished\":\"2020-10-28T07:02:15+00:00\",\"dateModified\":\"2026-01-30T13:25:28+00:00\",\"description\":\"La Orden ICT \/ 155\/2020 entr\u00f3 en vigor el 24 de octubre de 2020. \u00bfC\u00f3mo afecta esta orden a los usuarios y equipos de pesaje no autom\u00e1ticos?\",\"breadcrumb\":{\"@id\":\"https:\/\/servifibal.cat\/es\/orden-ict-155-2020-como-afecta-a-los-instrumentos-de-pesaje\/#breadcrumb\"},\"inLanguage\":\"es\",\"potentialAction\":[{\"@type\":\"ReadAction\",\"target\":[\"https:\/\/servifibal.cat\/es\/orden-ict-155-2020-como-afecta-a-los-instrumentos-de-pesaje\/\"]}]},{\"@type\":\"ImageObject\",\"inLanguage\":\"es\",\"@id\":\"https:\/\/servifibal.cat\/es\/orden-ict-155-2020-como-afecta-a-los-instrumentos-de-pesaje\/#primaryimage\",\"url\":\"https:\/\/servifibal.cat\/wp-content\/uploads\/2020\/10\/portada-2.jpg\",\"contentUrl\":\"https:\/\/servifibal.cat\/wp-content\/uploads\/2020\/10\/portada-2.jpg\",\"width\":1200,\"height\":513,\"caption\":\"Orden ICT\"},{\"@type\":\"BreadcrumbList\",\"@id\":\"https:\/\/servifibal.cat\/es\/orden-ict-155-2020-como-afecta-a-los-instrumentos-de-pesaje\/#breadcrumb\",\"itemListElement\":[{\"@type\":\"ListItem\",\"position\":1,\"name\":\"Portada\",\"item\":\"https:\/\/servifibal.cat\/es\/inicio\/\"},{\"@type\":\"ListItem\",\"position\":2,\"name\":\"Orden ICT\/155\/2020. C\u00f3mo afecta a los instrumentos de pesaje.\"}]},{\"@type\":\"WebSite\",\"@id\":\"https:\/\/servifibal.cat\/es\/#website\",\"url\":\"https:\/\/servifibal.cat\/es\/\",\"name\":\"Servifibal\",\"description\":\"Solucions per al petit comer\u00e7\",\"publisher\":{\"@id\":\"https:\/\/servifibal.cat\/es\/#organization\"},\"potentialAction\":[{\"@type\":\"SearchAction\",\"target\":{\"@type\":\"EntryPoint\",\"urlTemplate\":\"https:\/\/servifibal.cat\/es\/?s={search_term_string}\"},\"query-input\":{\"@type\":\"PropertyValueSpecification\",\"valueRequired\":true,\"valueName\":\"search_term_string\"}}],\"inLanguage\":\"es\"},{\"@type\":\"Organization\",\"@id\":\"https:\/\/servifibal.cat\/es\/#organization\",\"name\":\"Servifibal\",\"url\":\"https:\/\/servifibal.cat\/es\/\",\"logo\":{\"@type\":\"ImageObject\",\"inLanguage\":\"es\",\"@id\":\"https:\/\/servifibal.cat\/es\/#\/schema\/logo\/image\/\",\"url\":\"https:\/\/servifibal.cat\/wp-content\/uploads\/2025\/11\/00-Logo-nou-blanc.png\",\"contentUrl\":\"https:\/\/servifibal.cat\/wp-content\/uploads\/2025\/11\/00-Logo-nou-blanc.png\",\"width\":176,\"height\":38,\"caption\":\"Servifibal\"},\"image\":{\"@id\":\"https:\/\/servifibal.cat\/es\/#\/schema\/logo\/image\/\"}},{\"@type\":\"Person\",\"@id\":\"https:\/\/servifibal.cat\/es\/#\/schema\/person\/6972d59af228f36907da4983e1a3b68f\",\"name\":\"fer@ferbcn.com\",\"image\":{\"@type\":\"ImageObject\",\"inLanguage\":\"es\",\"@id\":\"https:\/\/servifibal.cat\/es\/#\/schema\/person\/image\/\",\"url\":\"https:\/\/secure.gravatar.com\/avatar\/ed74e9b5c60a29a9eaa5e4074af7e445ac52ca40b8cbe9830dfcd9b8a355e2a2?s=96&d=mm&r=g\",\"contentUrl\":\"https:\/\/secure.gravatar.com\/avatar\/ed74e9b5c60a29a9eaa5e4074af7e445ac52ca40b8cbe9830dfcd9b8a355e2a2?s=96&d=mm&r=g\",\"caption\":\"fer@ferbcn.com\"},\"sameAs\":[\"http:\/\/servifibal.cat\"],\"url\":\"https:\/\/servifibal.cat\/es\/author\/ferferbcn-com\/\"}]}<\/script>\n<!-- \/ Yoast SEO plugin. -->","yoast_head_json":{"title":"Orden ICT\/155\/2020 | Afectaci\u00f3n a instrumentos y usuarios | Servifibal","description":"La Orden ICT \/ 155\/2020 entr\u00f3 en vigor el 24 de octubre de 2020. \u00bfC\u00f3mo afecta esta orden a los usuarios y equipos de pesaje no autom\u00e1ticos?","robots":{"index":"index","follow":"follow","max-snippet":"max-snippet:-1","max-image-preview":"max-image-preview:large","max-video-preview":"max-video-preview:-1"},"canonical":"https:\/\/servifibal.cat\/es\/orden-ict-155-2020-como-afecta-a-los-instrumentos-de-pesaje\/","og_locale":"es_ES","og_type":"article","og_title":"Orden ICT\/155\/2020 | Afectaci\u00f3n a instrumentos y usuarios | Servifibal","og_description":"La Orden ICT \/ 155\/2020 entr\u00f3 en vigor el 24 de octubre de 2020. \u00bfC\u00f3mo afecta esta orden a los usuarios y equipos de pesaje no autom\u00e1ticos?","og_url":"https:\/\/servifibal.cat\/es\/orden-ict-155-2020-como-afecta-a-los-instrumentos-de-pesaje\/","og_site_name":"Servifibal","article_published_time":"2020-10-28T07:02:15+00:00","article_modified_time":"2026-01-30T13:25:28+00:00","og_image":[{"width":1200,"height":513,"url":"https:\/\/servifibal.cat\/wp-content\/uploads\/2020\/10\/portada-2.jpg","type":"image\/jpeg"}],"author":"fer@ferbcn.com","twitter_card":"summary_large_image","twitter_misc":{"Escrito por":"fer@ferbcn.com"},"schema":{"@context":"https:\/\/schema.org","@graph":[{"@type":"Article","@id":"https:\/\/servifibal.cat\/es\/orden-ict-155-2020-como-afecta-a-los-instrumentos-de-pesaje\/#article","isPartOf":{"@id":"https:\/\/servifibal.cat\/es\/orden-ict-155-2020-como-afecta-a-los-instrumentos-de-pesaje\/"},"author":{"name":"fer@ferbcn.com","@id":"https:\/\/servifibal.cat\/es\/#\/schema\/person\/6972d59af228f36907da4983e1a3b68f"},"headline":"Orden ICT\/155\/2020. C\u00f3mo afecta a los instrumentos de pesaje.","datePublished":"2020-10-28T07:02:15+00:00","dateModified":"2026-01-30T13:25:28+00:00","mainEntityOfPage":{"@id":"https:\/\/servifibal.cat\/es\/orden-ict-155-2020-como-afecta-a-los-instrumentos-de-pesaje\/"},"wordCount":427,"commentCount":0,"publisher":{"@id":"https:\/\/servifibal.cat\/es\/#organization"},"image":{"@id":"https:\/\/servifibal.cat\/es\/orden-ict-155-2020-como-afecta-a-los-instrumentos-de-pesaje\/#primaryimage"},"thumbnailUrl":"https:\/\/servifibal.cat\/wp-content\/uploads\/2020\/10\/portada-2.jpg","inLanguage":"es"},{"@type":"WebPage","@id":"https:\/\/servifibal.cat\/es\/orden-ict-155-2020-como-afecta-a-los-instrumentos-de-pesaje\/","url":"https:\/\/servifibal.cat\/es\/orden-ict-155-2020-como-afecta-a-los-instrumentos-de-pesaje\/","name":"Orden ICT\/155\/2020 | Afectaci\u00f3n a instrumentos y usuarios | Servifibal","isPartOf":{"@id":"https:\/\/servifibal.cat\/es\/#website"},"primaryImageOfPage":{"@id":"https:\/\/servifibal.cat\/es\/orden-ict-155-2020-como-afecta-a-los-instrumentos-de-pesaje\/#primaryimage"},"image":{"@id":"https:\/\/servifibal.cat\/es\/orden-ict-155-2020-como-afecta-a-los-instrumentos-de-pesaje\/#primaryimage"},"thumbnailUrl":"https:\/\/servifibal.cat\/wp-content\/uploads\/2020\/10\/portada-2.jpg","datePublished":"2020-10-28T07:02:15+00:00","dateModified":"2026-01-30T13:25:28+00:00","description":"La Orden ICT \/ 155\/2020 entr\u00f3 en vigor el 24 de octubre de 2020. \u00bfC\u00f3mo afecta esta orden a los usuarios y equipos de pesaje no autom\u00e1ticos?","breadcrumb":{"@id":"https:\/\/servifibal.cat\/es\/orden-ict-155-2020-como-afecta-a-los-instrumentos-de-pesaje\/#breadcrumb"},"inLanguage":"es","potentialAction":[{"@type":"ReadAction","target":["https:\/\/servifibal.cat\/es\/orden-ict-155-2020-como-afecta-a-los-instrumentos-de-pesaje\/"]}]},{"@type":"ImageObject","inLanguage":"es","@id":"https:\/\/servifibal.cat\/es\/orden-ict-155-2020-como-afecta-a-los-instrumentos-de-pesaje\/#primaryimage","url":"https:\/\/servifibal.cat\/wp-content\/uploads\/2020\/10\/portada-2.jpg","contentUrl":"https:\/\/servifibal.cat\/wp-content\/uploads\/2020\/10\/portada-2.jpg","width":1200,"height":513,"caption":"Orden ICT"},{"@type":"BreadcrumbList","@id":"https:\/\/servifibal.cat\/es\/orden-ict-155-2020-como-afecta-a-los-instrumentos-de-pesaje\/#breadcrumb","itemListElement":[{"@type":"ListItem","position":1,"name":"Portada","item":"https:\/\/servifibal.cat\/es\/inicio\/"},{"@type":"ListItem","position":2,"name":"Orden ICT\/155\/2020. C\u00f3mo afecta a los instrumentos de pesaje."}]},{"@type":"WebSite","@id":"https:\/\/servifibal.cat\/es\/#website","url":"https:\/\/servifibal.cat\/es\/","name":"Servifibal","description":"Solucions per al petit comer\u00e7","publisher":{"@id":"https:\/\/servifibal.cat\/es\/#organization"},"potentialAction":[{"@type":"SearchAction","target":{"@type":"EntryPoint","urlTemplate":"https:\/\/servifibal.cat\/es\/?s={search_term_string}"},"query-input":{"@type":"PropertyValueSpecification","valueRequired":true,"valueName":"search_term_string"}}],"inLanguage":"es"},{"@type":"Organization","@id":"https:\/\/servifibal.cat\/es\/#organization","name":"Servifibal","url":"https:\/\/servifibal.cat\/es\/","logo":{"@type":"ImageObject","inLanguage":"es","@id":"https:\/\/servifibal.cat\/es\/#\/schema\/logo\/image\/","url":"https:\/\/servifibal.cat\/wp-content\/uploads\/2025\/11\/00-Logo-nou-blanc.png","contentUrl":"https:\/\/servifibal.cat\/wp-content\/uploads\/2025\/11\/00-Logo-nou-blanc.png","width":176,"height":38,"caption":"Servifibal"},"image":{"@id":"https:\/\/servifibal.cat\/es\/#\/schema\/logo\/image\/"}},{"@type":"Person","@id":"https:\/\/servifibal.cat\/es\/#\/schema\/person\/6972d59af228f36907da4983e1a3b68f","name":"fer@ferbcn.com","image":{"@type":"ImageObject","inLanguage":"es","@id":"https:\/\/servifibal.cat\/es\/#\/schema\/person\/image\/","url":"https:\/\/secure.gravatar.com\/avatar\/ed74e9b5c60a29a9eaa5e4074af7e445ac52ca40b8cbe9830dfcd9b8a355e2a2?s=96&d=mm&r=g","contentUrl":"https:\/\/secure.gravatar.com\/avatar\/ed74e9b5c60a29a9eaa5e4074af7e445ac52ca40b8cbe9830dfcd9b8a355e2a2?s=96&d=mm&r=g","caption":"fer@ferbcn.com"},"sameAs":["http:\/\/servifibal.cat"],"url":"https:\/\/servifibal.cat\/es\/author\/ferferbcn-com\/"}]}},"_links":{"self":[{"href":"https:\/\/servifibal.cat\/es\/wp-json\/wp\/v2\/posts\/72690","targetHints":{"allow":["GET"]}}],"collection":[{"href":"https:\/\/servifibal.cat\/es\/wp-json\/wp\/v2\/posts"}],"about":[{"href":"https:\/\/servifibal.cat\/es\/wp-json\/wp\/v2\/types\/post"}],"author":[{"embeddable":true,"href":"https:\/\/servifibal.cat\/es\/wp-json\/wp\/v2\/users\/1"}],"replies":[{"embeddable":true,"href":"https:\/\/servifibal.cat\/es\/wp-json\/wp\/v2\/comments?post=72690"}],"version-history":[{"count":1,"href":"https:\/\/servifibal.cat\/es\/wp-json\/wp\/v2\/posts\/72690\/revisions"}],"predecessor-version":[{"id":76104,"href":"https:\/\/servifibal.cat\/es\/wp-json\/wp\/v2\/posts\/72690\/revisions\/76104"}],"wp:featuredmedia":[{"embeddable":true,"href":"https:\/\/servifibal.cat\/es\/wp-json\/wp\/v2\/media\/72699"}],"wp:attachment":[{"href":"https:\/\/servifibal.cat\/es\/wp-json\/wp\/v2\/media?parent=72690"}],"wp:term":[{"taxonomy":"category","embeddable":true,"href":"https:\/\/servifibal.cat\/es\/wp-json\/wp\/v2\/categories?post=72690"},{"taxonomy":"post_tag","embeddable":true,"href":"https:\/\/servifibal.cat\/es\/wp-json\/wp\/v2\/tags?post=72690"}],"curies":[{"name":"wp","href":"https:\/\/api.w.org\/{rel}","templated":true}]}}