{"id":72455,"date":"2020-05-07T10:15:55","date_gmt":"2020-05-07T10:15:55","guid":{"rendered":"https:\/\/servifibal.cat\/?p=72455"},"modified":"2026-01-30T13:29:32","modified_gmt":"2026-01-30T13:29:32","slug":"el-pequeno-comercio-de-alella-vuelve-a-abrir","status":"publish","type":"post","link":"https:\/\/servifibal.cat\/es\/el-pequeno-comercio-de-alella-vuelve-a-abrir\/","title":{"rendered":"El peque\u00f1o comercio de Alella vuelve a abrir."},"content":{"rendered":"\n<p class=\"has-drop-cap has-text-align-justify\">Esta semana ha comenzado la Fase 0 del desconfinamiento programado por el Estado. En esta fase, y dependiendo de cada provincia, se ampl\u00edan los horarios en que se permite salir a la calle y se permite la<strong> apertura al p\u00fablico de algunos establecimientos<\/strong>. El peque\u00f1o comercio de Alella se beneficia de estas medidas y vuelve a abrir.<\/p>\n\n\n\n<!--more-->\n\n\n\n<h2 class=\"wp-block-heading\">Fases del desconfinamiento<\/h2>\n\n\n\n<h3 class=\"wp-block-heading\">Fase 0<\/h3>\n\n\n\n<p class=\"has-text-align-justify\">Esta es la fase en que nos encontramos ahora. Durante esta fase se permiten salidas para <strong>hacer deporte<\/strong> y <strong>caminar <\/strong>por la poblaci\u00f3n en general. Tambi\u00e9n se prev\u00e9 la <strong>apertura de comercios con cita previa<\/strong> y establecimientos de restauraci\u00f3n que ofrezcan comida para llevar.<\/p>\n\n\n\n<h3 class=\"wp-block-heading\">Fase 1<\/h3>\n\n\n\n<p class=\"has-text-align-justify\">Durante esta fase se permitir\u00e1 la apertura de comercios con restricciones de aforo. Quiz\u00e1s el punto m\u00e1s destacable es la <strong>apertura de terrazas<\/strong> y la establecimiento de un horario con preferencia para ocupar los locales por los mayores de 65 a\u00f1os &#8211; los m\u00e1s vulnerables con el COVID-19.<\/p>\n\n\n\n<h3 class=\"wp-block-heading\">Fase 2<\/h3>\n\n\n\n<p class=\"has-text-align-justify\">Se podr\u00e1n ocupar los salones interiores de los locales de restauraci\u00f3n y podr\u00e1n empezar a <strong>abrir los locales de ocio<\/strong> como cines, teatros y museos. Adem\u00e1s podr\u00e1n celebrar espect\u00e1culos culturales con limitaci\u00f3n de aforo.<\/p>\n\n\n\n<p class=\"has-text-align-justify\">Tambi\u00e9n se reanudan las <strong>actividades escolares<\/strong>. Aunque el curso de de por terminado, habr\u00e1n actividades de refuerzo y servicios de acogida para menores de 6 a\u00f1os cuyos padres trabajen.<\/p>\n\n\n\n<h3 class=\"wp-block-heading\">Fase 3<\/h3>\n\n\n\n<p class=\"has-text-align-justify\">Continuar\u00e1n las limitaciones de aforo en el \u00e1mbito comercial y de restauraci\u00f3n, y se mantendr\u00e1 la <strong>recomendaci\u00f3n de usar mascarillas<\/strong>.<\/p>\n\n\n\n<p>Se flexibilizar\u00e1 la movilidad general de la poblaci\u00f3n.<\/p>\n\n\n\n<h2 class=\"wp-block-heading\">La Fase 0 en Alella<\/h2>\n\n\n\n<p class=\"has-text-align-justify\">El <strong>Ayuntamiento de Alella<\/strong>, desde la Concejal\u00eda de Promoci\u00f3n Econ\u00f3mica y Comercio, ha hecho llegar a los establecimientos de Alella la normativa con las condiciones de apertura.<\/p>\n\n\n\n<p class=\"has-text-align-justify\">La normativa contempla medidas para la higiene del local y los trabajadores, condiciones de servicio, medidas de protecci\u00f3n para los clientes, higiene general \u2026<\/p>\n\n\n\n<p>Pod\u00e9is ver las condiciones en esta web: <a rel=\"noreferrer noopener\" href=\"https:\/\/alella.cat\/ARXIUS\/2020\/salut\/Establiments_reobertura.pdf\" target=\"_blank\">reapertura de establecimientos.<\/a><\/p>\n\n\n\n<h2 class=\"wp-block-heading\">El peque\u00f1o comercio de Alella<\/h2>\n\n\n\n<p class=\"has-text-align-justify\">La <strong>Asocaci\u00f3n de Comercio de Alella<\/strong> public\u00f3 en sus redes sociales un video animando a los vecinos de Alella a comprar en el peque\u00f1o comercio de la localidad durante el confinamiento y la desescalada para ayudar al comercio local.<\/p>\n\n\n\n<figure class=\"wp-block-embed-facebook wp-block-embed\"><div class=\"wp-block-embed__wrapper\">\nhttps:\/\/www.facebook.com\/112070993503906\/videos\/220905192529391\/\n<\/div><\/figure>\n\n\n\n<p class=\"has-text-align-justify\">As\u00ed, durante esta semana arranca de nuevo la actividad del peque\u00f1o comercio de Alella.<\/p>\n\n\n\n<p><\/p>\n","protected":false},"excerpt":{"rendered":"<p>Esta semana ha comenzado la Fase 0 del desconfinamiento programado por el Estado. En esta fase, y dependiendo de cada provincia, se ampl\u00edan los horarios en que se permite salir a la calle y se permite la apertura al p\u00fablico de algunos establecimientos. El peque\u00f1o comercio de Alella se beneficia de estas medidas y vuelve [&hellip;]<\/p>\n","protected":false},"author":1,"featured_media":72446,"comment_status":"closed","ping_status":"closed","sticky":false,"template":"","format":"standard","meta":{"_yoast_wpseo_focuskw":"El peque\u00f1o comercio de Alella","_yoast_wpseo_title":"El peque\u00f1o comercio de Alella vuelve a abrir | Servifibal, S.L.","_yoast_wpseo_metadesc":"El peque\u00f1o comercio de Alella vuelve a abrir a la Fase 0 del desconfinamiento. Os explicamos las fases de desconfinamiento por COVID-19.","_joinchat":[],"footnotes":""},"categories":[1],"tags":[],"class_list":["post-72455","post","type-post","status-publish","format-standard","has-post-thumbnail","hentry","category-uncategorized-ca"],"yoast_head":"<!-- This site is optimized with the Yoast SEO plugin v27.1.1 - https:\/\/yoast.com\/product\/yoast-seo-wordpress\/ -->\n<title>El peque\u00f1o comercio de Alella vuelve a abrir | Servifibal, S.L.<\/title>\n<meta name=\"description\" content=\"El peque\u00f1o comercio de Alella vuelve a abrir a la Fase 0 del desconfinamiento. Os explicamos las fases de desconfinamiento por COVID-19.\" \/>\n<meta name=\"robots\" content=\"index, follow, max-snippet:-1, max-image-preview:large, max-video-preview:-1\" \/>\n<link rel=\"canonical\" href=\"https:\/\/servifibal.cat\/es\/el-pequeno-comercio-de-alella-vuelve-a-abrir\/\" \/>\n<meta property=\"og:locale\" content=\"es_ES\" \/>\n<meta property=\"og:type\" content=\"article\" \/>\n<meta property=\"og:title\" content=\"El peque\u00f1o comercio de Alella vuelve a abrir | Servifibal, S.L.\" \/>\n<meta property=\"og:description\" content=\"El peque\u00f1o comercio de Alella vuelve a abrir a la Fase 0 del desconfinamiento. Os explicamos las fases de desconfinamiento por COVID-19.\" \/>\n<meta property=\"og:url\" content=\"https:\/\/servifibal.cat\/es\/el-pequeno-comercio-de-alella-vuelve-a-abrir\/\" \/>\n<meta property=\"og:site_name\" content=\"Servifibal\" \/>\n<meta property=\"article:published_time\" content=\"2020-05-07T10:15:55+00:00\" \/>\n<meta property=\"article:modified_time\" content=\"2026-01-30T13:29:32+00:00\" \/>\n<meta property=\"og:image\" content=\"https:\/\/servifibal.cat\/wp-content\/uploads\/2020\/05\/Ajuntament-Alella-1024x438-1.jpg\" \/>\n\t<meta property=\"og:image:width\" content=\"1024\" \/>\n\t<meta property=\"og:image:height\" content=\"438\" \/>\n\t<meta property=\"og:image:type\" content=\"image\/jpeg\" \/>\n<meta name=\"author\" content=\"fer@ferbcn.com\" \/>\n<meta name=\"twitter:card\" content=\"summary_large_image\" \/>\n<meta name=\"twitter:label1\" content=\"Escrito por\" \/>\n\t<meta name=\"twitter:data1\" content=\"fer@ferbcn.com\" \/>\n\t<meta name=\"twitter:label2\" content=\"Tiempo de lectura\" \/>\n\t<meta name=\"twitter:data2\" content=\"2 minutos\" \/>\n<script type=\"application\/ld+json\" class=\"yoast-schema-graph\">{\"@context\":\"https:\/\/schema.org\",\"@graph\":[{\"@type\":\"Article\",\"@id\":\"https:\/\/servifibal.cat\/es\/el-pequeno-comercio-de-alella-vuelve-a-abrir\/#article\",\"isPartOf\":{\"@id\":\"https:\/\/servifibal.cat\/es\/el-pequeno-comercio-de-alella-vuelve-a-abrir\/\"},\"author\":{\"name\":\"fer@ferbcn.com\",\"@id\":\"https:\/\/servifibal.cat\/es\/#\/schema\/person\/6972d59af228f36907da4983e1a3b68f\"},\"headline\":\"El peque\u00f1o comercio de Alella vuelve a abrir.\",\"datePublished\":\"2020-05-07T10:15:55+00:00\",\"dateModified\":\"2026-01-30T13:29:32+00:00\",\"mainEntityOfPage\":{\"@id\":\"https:\/\/servifibal.cat\/es\/el-pequeno-comercio-de-alella-vuelve-a-abrir\/\"},\"wordCount\":413,\"publisher\":{\"@id\":\"https:\/\/servifibal.cat\/es\/#organization\"},\"image\":{\"@id\":\"https:\/\/servifibal.cat\/es\/el-pequeno-comercio-de-alella-vuelve-a-abrir\/#primaryimage\"},\"thumbnailUrl\":\"https:\/\/servifibal.cat\/wp-content\/uploads\/2020\/05\/Ajuntament-Alella-1024x438-1.jpg\",\"articleSection\":[\"Uncategorized @ca\"],\"inLanguage\":\"es\"},{\"@type\":\"WebPage\",\"@id\":\"https:\/\/servifibal.cat\/es\/el-pequeno-comercio-de-alella-vuelve-a-abrir\/\",\"url\":\"https:\/\/servifibal.cat\/es\/el-pequeno-comercio-de-alella-vuelve-a-abrir\/\",\"name\":\"El peque\u00f1o comercio de Alella vuelve a abrir | Servifibal, S.L.\",\"isPartOf\":{\"@id\":\"https:\/\/servifibal.cat\/es\/#website\"},\"primaryImageOfPage\":{\"@id\":\"https:\/\/servifibal.cat\/es\/el-pequeno-comercio-de-alella-vuelve-a-abrir\/#primaryimage\"},\"image\":{\"@id\":\"https:\/\/servifibal.cat\/es\/el-pequeno-comercio-de-alella-vuelve-a-abrir\/#primaryimage\"},\"thumbnailUrl\":\"https:\/\/servifibal.cat\/wp-content\/uploads\/2020\/05\/Ajuntament-Alella-1024x438-1.jpg\",\"datePublished\":\"2020-05-07T10:15:55+00:00\",\"dateModified\":\"2026-01-30T13:29:32+00:00\",\"description\":\"El peque\u00f1o comercio de Alella vuelve a abrir a la Fase 0 del desconfinamiento. Os explicamos las fases de desconfinamiento por COVID-19.\",\"breadcrumb\":{\"@id\":\"https:\/\/servifibal.cat\/es\/el-pequeno-comercio-de-alella-vuelve-a-abrir\/#breadcrumb\"},\"inLanguage\":\"es\",\"potentialAction\":[{\"@type\":\"ReadAction\",\"target\":[\"https:\/\/servifibal.cat\/es\/el-pequeno-comercio-de-alella-vuelve-a-abrir\/\"]}]},{\"@type\":\"ImageObject\",\"inLanguage\":\"es\",\"@id\":\"https:\/\/servifibal.cat\/es\/el-pequeno-comercio-de-alella-vuelve-a-abrir\/#primaryimage\",\"url\":\"https:\/\/servifibal.cat\/wp-content\/uploads\/2020\/05\/Ajuntament-Alella-1024x438-1.jpg\",\"contentUrl\":\"https:\/\/servifibal.cat\/wp-content\/uploads\/2020\/05\/Ajuntament-Alella-1024x438-1.jpg\",\"width\":1024,\"height\":438},{\"@type\":\"BreadcrumbList\",\"@id\":\"https:\/\/servifibal.cat\/es\/el-pequeno-comercio-de-alella-vuelve-a-abrir\/#breadcrumb\",\"itemListElement\":[{\"@type\":\"ListItem\",\"position\":1,\"name\":\"Portada\",\"item\":\"https:\/\/servifibal.cat\/es\/inicio\/\"},{\"@type\":\"ListItem\",\"position\":2,\"name\":\"El peque\u00f1o comercio de Alella vuelve a abrir.\"}]},{\"@type\":\"WebSite\",\"@id\":\"https:\/\/servifibal.cat\/es\/#website\",\"url\":\"https:\/\/servifibal.cat\/es\/\",\"name\":\"Servifibal\",\"description\":\"Solucions per al petit comer\u00e7\",\"publisher\":{\"@id\":\"https:\/\/servifibal.cat\/es\/#organization\"},\"potentialAction\":[{\"@type\":\"SearchAction\",\"target\":{\"@type\":\"EntryPoint\",\"urlTemplate\":\"https:\/\/servifibal.cat\/es\/?s={search_term_string}\"},\"query-input\":{\"@type\":\"PropertyValueSpecification\",\"valueRequired\":true,\"valueName\":\"search_term_string\"}}],\"inLanguage\":\"es\"},{\"@type\":\"Organization\",\"@id\":\"https:\/\/servifibal.cat\/es\/#organization\",\"name\":\"Servifibal\",\"url\":\"https:\/\/servifibal.cat\/es\/\",\"logo\":{\"@type\":\"ImageObject\",\"inLanguage\":\"es\",\"@id\":\"https:\/\/servifibal.cat\/es\/#\/schema\/logo\/image\/\",\"url\":\"https:\/\/servifibal.cat\/wp-content\/uploads\/2025\/11\/00-Logo-nou-blanc.png\",\"contentUrl\":\"https:\/\/servifibal.cat\/wp-content\/uploads\/2025\/11\/00-Logo-nou-blanc.png\",\"width\":176,\"height\":38,\"caption\":\"Servifibal\"},\"image\":{\"@id\":\"https:\/\/servifibal.cat\/es\/#\/schema\/logo\/image\/\"}},{\"@type\":\"Person\",\"@id\":\"https:\/\/servifibal.cat\/es\/#\/schema\/person\/6972d59af228f36907da4983e1a3b68f\",\"name\":\"fer@ferbcn.com\",\"image\":{\"@type\":\"ImageObject\",\"inLanguage\":\"es\",\"@id\":\"https:\/\/servifibal.cat\/es\/#\/schema\/person\/image\/\",\"url\":\"https:\/\/secure.gravatar.com\/avatar\/ed74e9b5c60a29a9eaa5e4074af7e445ac52ca40b8cbe9830dfcd9b8a355e2a2?s=96&d=mm&r=g\",\"contentUrl\":\"https:\/\/secure.gravatar.com\/avatar\/ed74e9b5c60a29a9eaa5e4074af7e445ac52ca40b8cbe9830dfcd9b8a355e2a2?s=96&d=mm&r=g\",\"caption\":\"fer@ferbcn.com\"},\"sameAs\":[\"http:\/\/servifibal.cat\"],\"url\":\"https:\/\/servifibal.cat\/es\/author\/ferferbcn-com\/\"}]}<\/script>\n<!-- \/ Yoast SEO plugin. -->","yoast_head_json":{"title":"El peque\u00f1o comercio de Alella vuelve a abrir | Servifibal, S.L.","description":"El peque\u00f1o comercio de Alella vuelve a abrir a la Fase 0 del desconfinamiento. Os explicamos las fases de desconfinamiento por COVID-19.","robots":{"index":"index","follow":"follow","max-snippet":"max-snippet:-1","max-image-preview":"max-image-preview:large","max-video-preview":"max-video-preview:-1"},"canonical":"https:\/\/servifibal.cat\/es\/el-pequeno-comercio-de-alella-vuelve-a-abrir\/","og_locale":"es_ES","og_type":"article","og_title":"El peque\u00f1o comercio de Alella vuelve a abrir | Servifibal, S.L.","og_description":"El peque\u00f1o comercio de Alella vuelve a abrir a la Fase 0 del desconfinamiento. Os explicamos las fases de desconfinamiento por COVID-19.","og_url":"https:\/\/servifibal.cat\/es\/el-pequeno-comercio-de-alella-vuelve-a-abrir\/","og_site_name":"Servifibal","article_published_time":"2020-05-07T10:15:55+00:00","article_modified_time":"2026-01-30T13:29:32+00:00","og_image":[{"width":1024,"height":438,"url":"https:\/\/servifibal.cat\/wp-content\/uploads\/2020\/05\/Ajuntament-Alella-1024x438-1.jpg","type":"image\/jpeg"}],"author":"fer@ferbcn.com","twitter_card":"summary_large_image","twitter_misc":{"Escrito por":"fer@ferbcn.com","Tiempo de lectura":"2 minutos"},"schema":{"@context":"https:\/\/schema.org","@graph":[{"@type":"Article","@id":"https:\/\/servifibal.cat\/es\/el-pequeno-comercio-de-alella-vuelve-a-abrir\/#article","isPartOf":{"@id":"https:\/\/servifibal.cat\/es\/el-pequeno-comercio-de-alella-vuelve-a-abrir\/"},"author":{"name":"fer@ferbcn.com","@id":"https:\/\/servifibal.cat\/es\/#\/schema\/person\/6972d59af228f36907da4983e1a3b68f"},"headline":"El peque\u00f1o comercio de Alella vuelve a abrir.","datePublished":"2020-05-07T10:15:55+00:00","dateModified":"2026-01-30T13:29:32+00:00","mainEntityOfPage":{"@id":"https:\/\/servifibal.cat\/es\/el-pequeno-comercio-de-alella-vuelve-a-abrir\/"},"wordCount":413,"publisher":{"@id":"https:\/\/servifibal.cat\/es\/#organization"},"image":{"@id":"https:\/\/servifibal.cat\/es\/el-pequeno-comercio-de-alella-vuelve-a-abrir\/#primaryimage"},"thumbnailUrl":"https:\/\/servifibal.cat\/wp-content\/uploads\/2020\/05\/Ajuntament-Alella-1024x438-1.jpg","articleSection":["Uncategorized @ca"],"inLanguage":"es"},{"@type":"WebPage","@id":"https:\/\/servifibal.cat\/es\/el-pequeno-comercio-de-alella-vuelve-a-abrir\/","url":"https:\/\/servifibal.cat\/es\/el-pequeno-comercio-de-alella-vuelve-a-abrir\/","name":"El peque\u00f1o comercio de Alella vuelve a abrir | Servifibal, S.L.","isPartOf":{"@id":"https:\/\/servifibal.cat\/es\/#website"},"primaryImageOfPage":{"@id":"https:\/\/servifibal.cat\/es\/el-pequeno-comercio-de-alella-vuelve-a-abrir\/#primaryimage"},"image":{"@id":"https:\/\/servifibal.cat\/es\/el-pequeno-comercio-de-alella-vuelve-a-abrir\/#primaryimage"},"thumbnailUrl":"https:\/\/servifibal.cat\/wp-content\/uploads\/2020\/05\/Ajuntament-Alella-1024x438-1.jpg","datePublished":"2020-05-07T10:15:55+00:00","dateModified":"2026-01-30T13:29:32+00:00","description":"El peque\u00f1o comercio de Alella vuelve a abrir a la Fase 0 del desconfinamiento. Os explicamos las fases de desconfinamiento por COVID-19.","breadcrumb":{"@id":"https:\/\/servifibal.cat\/es\/el-pequeno-comercio-de-alella-vuelve-a-abrir\/#breadcrumb"},"inLanguage":"es","potentialAction":[{"@type":"ReadAction","target":["https:\/\/servifibal.cat\/es\/el-pequeno-comercio-de-alella-vuelve-a-abrir\/"]}]},{"@type":"ImageObject","inLanguage":"es","@id":"https:\/\/servifibal.cat\/es\/el-pequeno-comercio-de-alella-vuelve-a-abrir\/#primaryimage","url":"https:\/\/servifibal.cat\/wp-content\/uploads\/2020\/05\/Ajuntament-Alella-1024x438-1.jpg","contentUrl":"https:\/\/servifibal.cat\/wp-content\/uploads\/2020\/05\/Ajuntament-Alella-1024x438-1.jpg","width":1024,"height":438},{"@type":"BreadcrumbList","@id":"https:\/\/servifibal.cat\/es\/el-pequeno-comercio-de-alella-vuelve-a-abrir\/#breadcrumb","itemListElement":[{"@type":"ListItem","position":1,"name":"Portada","item":"https:\/\/servifibal.cat\/es\/inicio\/"},{"@type":"ListItem","position":2,"name":"El peque\u00f1o comercio de Alella vuelve a abrir."}]},{"@type":"WebSite","@id":"https:\/\/servifibal.cat\/es\/#website","url":"https:\/\/servifibal.cat\/es\/","name":"Servifibal","description":"Solucions per al petit comer\u00e7","publisher":{"@id":"https:\/\/servifibal.cat\/es\/#organization"},"potentialAction":[{"@type":"SearchAction","target":{"@type":"EntryPoint","urlTemplate":"https:\/\/servifibal.cat\/es\/?s={search_term_string}"},"query-input":{"@type":"PropertyValueSpecification","valueRequired":true,"valueName":"search_term_string"}}],"inLanguage":"es"},{"@type":"Organization","@id":"https:\/\/servifibal.cat\/es\/#organization","name":"Servifibal","url":"https:\/\/servifibal.cat\/es\/","logo":{"@type":"ImageObject","inLanguage":"es","@id":"https:\/\/servifibal.cat\/es\/#\/schema\/logo\/image\/","url":"https:\/\/servifibal.cat\/wp-content\/uploads\/2025\/11\/00-Logo-nou-blanc.png","contentUrl":"https:\/\/servifibal.cat\/wp-content\/uploads\/2025\/11\/00-Logo-nou-blanc.png","width":176,"height":38,"caption":"Servifibal"},"image":{"@id":"https:\/\/servifibal.cat\/es\/#\/schema\/logo\/image\/"}},{"@type":"Person","@id":"https:\/\/servifibal.cat\/es\/#\/schema\/person\/6972d59af228f36907da4983e1a3b68f","name":"fer@ferbcn.com","image":{"@type":"ImageObject","inLanguage":"es","@id":"https:\/\/servifibal.cat\/es\/#\/schema\/person\/image\/","url":"https:\/\/secure.gravatar.com\/avatar\/ed74e9b5c60a29a9eaa5e4074af7e445ac52ca40b8cbe9830dfcd9b8a355e2a2?s=96&d=mm&r=g","contentUrl":"https:\/\/secure.gravatar.com\/avatar\/ed74e9b5c60a29a9eaa5e4074af7e445ac52ca40b8cbe9830dfcd9b8a355e2a2?s=96&d=mm&r=g","caption":"fer@ferbcn.com"},"sameAs":["http:\/\/servifibal.cat"],"url":"https:\/\/servifibal.cat\/es\/author\/ferferbcn-com\/"}]}},"_links":{"self":[{"href":"https:\/\/servifibal.cat\/es\/wp-json\/wp\/v2\/posts\/72455","targetHints":{"allow":["GET"]}}],"collection":[{"href":"https:\/\/servifibal.cat\/es\/wp-json\/wp\/v2\/posts"}],"about":[{"href":"https:\/\/servifibal.cat\/es\/wp-json\/wp\/v2\/types\/post"}],"author":[{"embeddable":true,"href":"https:\/\/servifibal.cat\/es\/wp-json\/wp\/v2\/users\/1"}],"replies":[{"embeddable":true,"href":"https:\/\/servifibal.cat\/es\/wp-json\/wp\/v2\/comments?post=72455"}],"version-history":[{"count":1,"href":"https:\/\/servifibal.cat\/es\/wp-json\/wp\/v2\/posts\/72455\/revisions"}],"predecessor-version":[{"id":76112,"href":"https:\/\/servifibal.cat\/es\/wp-json\/wp\/v2\/posts\/72455\/revisions\/76112"}],"wp:featuredmedia":[{"embeddable":true,"href":"https:\/\/servifibal.cat\/es\/wp-json\/wp\/v2\/media\/72446"}],"wp:attachment":[{"href":"https:\/\/servifibal.cat\/es\/wp-json\/wp\/v2\/media?parent=72455"}],"wp:term":[{"taxonomy":"category","embeddable":true,"href":"https:\/\/servifibal.cat\/es\/wp-json\/wp\/v2\/categories?post=72455"},{"taxonomy":"post_tag","embeddable":true,"href":"https:\/\/servifibal.cat\/es\/wp-json\/wp\/v2\/tags?post=72455"}],"curies":[{"name":"wp","href":"https:\/\/api.w.org\/{rel}","templated":true}]}}