{"id":72039,"date":"2019-10-03T07:09:01","date_gmt":"2019-10-03T07:09:01","guid":{"rendered":"https:\/\/servifibal.cat\/?p=72039"},"modified":"2026-01-30T13:31:56","modified_gmt":"2026-01-30T13:31:56","slug":"descuento-inauguracion-de-tienda-y-exposicion","status":"publish","type":"post","link":"https:\/\/servifibal.cat\/es\/descuento-inauguracion-de-tienda-y-exposicion\/","title":{"rendered":"Inauguraci\u00f3n de tienda y exposici\u00f3n"},"content":{"rendered":"\n<p>Nos hemos renovado. <\/p>\n\n\n\n<p style=\"text-align:justify\" class=\"has-drop-cap\">Para que te sea m\u00e1s f\u00e1cil elegir qu\u00e9 balanza es la que se adapta mejor a tus necesidades, te invitamos a visitar nuestra nueva exposici\u00f3n en Alella. En la calle Doctor Corbera, 8 encontrar\u00e1s una selecci\u00f3n de la gama de balanzas Dibal, podr\u00e1s verlas, probarlas y adem\u00e1s, disfrutar de un descuento en todas ellas.<\/p>\n\n\n\n<!--more-->\n\n\n\n<p style=\"text-align:justify\"> Ll\u00e1manos o contacta con nosotros por mail. Nos adaptaremos a tus horarios y concertaremos una visita para que vea el producto de primera mano.  <\/p>\n\n\n\n<p style=\"text-align:justify\"> Tambi\u00e9n te asesoraremos para encontrar el modelo adecuado para su negocio, sea del tama\u00f1o que sea. Te ayudaremos a seleccionar los equipamientos que necesitas, planificar la instalaci\u00f3n y el modelo de servicio t\u00e9cnico adecuado. <\/p>\n\n\n\n<h3 class=\"wp-block-heading\">Gama Dibal<\/h3>\n\n\n\n<p style=\"text-align:justify\">Dibal ofrece una gama de productos que se adaptan a cualquier tama\u00f1o de negocio y todas las necesidades de pesaje y etiquetado.<\/p>\n\n\n\n<ul class=\"wp-block-list\"><li><a href=\"https:\/\/servifibal.cat\/es\/pesaje-pequeno-comercio\/balanzas-sin-impresora\/\">Balanzas sin impresora<\/a>: sistemas sencillos de pesaje para mostrador.<\/li><li> <a href=\"https:\/\/servifibal.cat\/es\/pesaje-pequeno-comercio\/balanzas-con-impresora-gama-500\/\">Balanzas digitales con impresora<\/a>: Equipamiento de pesaje con impresora de tickets para mostrador, colgar y autoservicio.<\/li><li> <a href=\"https:\/\/servifibal.cat\/es\/pesaje-pequeno-comercio\/balanzas-con-pantalla-tactil-d-900\/\">Balanzas con pantalla t\u00e1ctil<\/a>: Equipamientos con pantalla t\u00e1ctil para facilitar la tarea del dependiente.<\/li><li> <a href=\"https:\/\/servifibal.cat\/es\/pesaje-pequeno-comercio\/balanzas-con-pc-cs-1200\/\">Balanzas con PC<\/a>: Balanzas configurables con software a\u00f1adido.<\/li><li> <a href=\"https:\/\/servifibal.cat\/es\/pesaje-pequeno-comercio\/pesaje-ligero\/\">Sistemas de pesaje ligero<\/a>: Plataformas de pesaje, etiquetadoras manuales, indicadores de peso \u2026<\/li><li> <a href=\"https:\/\/servifibal.cat\/es\/pesaje-pequeno-comercio\/software-para-balanzas\/\">Software para balanzas y etiquetadoras<\/a>.<\/li><li> <a href=\"https:\/\/servifibal.cat\/es\/pesaje-industrial\/\">Equipos de pesaje y etiquetado industrial<\/a>.<\/li><\/ul>\n\n\n\n<h2 class=\"wp-block-heading\">Ubicaci\u00f3n<\/h2>\n\n\n\n<p> Nos encontrar\u00e1s en el  carrer Doctor Corbera, 8 . <\/p>\n\n\n\n<p><iframe style=\"border: 0;\" src=\"https:\/\/www.google.com\/maps\/embed?pb=!1m14!1m8!1m3!1d11953.777588435183!2d2.295296!3d41.4946436!3m2!1i1024!2i768!4f13.1!3m3!1m2!1s0x0%3A0x3cbdbdbdec427d3b!2sSERVIFIBAL%2CSL!5e0!3m2!1ses!2ses!4v1570052541805!5m2!1ses!2ses\" width=\"100%\" height=\"450\" frameborder=\"0\" allowfullscreen=\"allowfullscreen\"><\/iframe><\/p>\n\n\n\n<h2 class=\"wp-block-heading\">Descuento 3%<\/h2>\n\n\n\n<p style=\"text-align:justify\">Con motivo de la apertura de nuestra exposici\u00f3n y hasta el 31 de Enero de 2020, te ofrecemos un 3% de descuento en cualquiera de nuestros equipos de pesaje y etiquetado Dibal.<\/p>\n\n\n\n<p>\u00a1Ven a visitarnos y no dejes pasar esta oportunidad!<\/p>\n\n\n\n<figure class=\"wp-block-image is-resized\"><img fetchpriority=\"high\" decoding=\"async\" src=\"https:\/\/servifibal.cat\/wp-content\/uploads\/2019\/10\/IMG_0055.jpg\" alt=\"Descuento - exposici\u00f3n\" class=\"wp-image-72042\" width=\"1050\" height=\"735\" srcset=\"https:\/\/servifibal.cat\/wp-content\/uploads\/2019\/10\/IMG_0055.jpg 1050w, https:\/\/servifibal.cat\/wp-content\/uploads\/2019\/10\/IMG_0055-600x420.jpg 600w, https:\/\/servifibal.cat\/wp-content\/uploads\/2019\/10\/IMG_0055-300x210.jpg 300w, https:\/\/servifibal.cat\/wp-content\/uploads\/2019\/10\/IMG_0055-1024x717.jpg 1024w, https:\/\/servifibal.cat\/wp-content\/uploads\/2019\/10\/IMG_0055-768x538.jpg 768w\" sizes=\"(max-width: 1050px) 100vw, 1050px\" \/><\/figure>\n","protected":false},"excerpt":{"rendered":"<p>Nos hemos renovado. Para que te sea m\u00e1s f\u00e1cil elegir qu\u00e9 balanza es la que se adapta mejor a tus necesidades, te invitamos a visitar nuestra nueva exposici\u00f3n en Alella. En la calle Doctor Corbera, 8 encontrar\u00e1s una selecci\u00f3n de la gama de balanzas Dibal, podr\u00e1s verlas, probarlas y adem\u00e1s, disfrutar de un descuento en [&hellip;]<\/p>\n","protected":false},"author":1,"featured_media":72032,"comment_status":"open","ping_status":"open","sticky":false,"template":"","format":"standard","meta":{"_yoast_wpseo_focuskw":"descuento","_yoast_wpseo_title":"Descuento en equipos de pesaje | Inauguraci\u00f3n exposici\u00f3n | Servifibal,S.L.","_yoast_wpseo_metadesc":"Descuento en equipamientos de pesaje y etiquetado Dibal. Inauguramos nuestra exposici\u00f3n en Alella y lo queremos celebrar con vosotros.","_joinchat":[],"footnotes":""},"categories":[1],"tags":[],"class_list":["post-72039","post","type-post","status-publish","format-standard","has-post-thumbnail","hentry","category-uncategorized-ca"],"yoast_head":"<!-- This site is optimized with the Yoast SEO plugin v27.1.1 - https:\/\/yoast.com\/product\/yoast-seo-wordpress\/ -->\n<title>Descuento en equipos de pesaje | Inauguraci\u00f3n exposici\u00f3n | Servifibal,S.L.<\/title>\n<meta name=\"description\" content=\"Descuento en equipamientos de pesaje y etiquetado Dibal. Inauguramos nuestra exposici\u00f3n en Alella y lo queremos celebrar con vosotros.\" \/>\n<meta name=\"robots\" content=\"index, follow, max-snippet:-1, max-image-preview:large, max-video-preview:-1\" \/>\n<link rel=\"canonical\" href=\"https:\/\/servifibal.cat\/es\/descuento-inauguracion-de-tienda-y-exposicion\/\" \/>\n<meta property=\"og:locale\" content=\"es_ES\" \/>\n<meta property=\"og:type\" content=\"article\" \/>\n<meta property=\"og:title\" content=\"Descuento en equipos de pesaje | Inauguraci\u00f3n exposici\u00f3n | Servifibal,S.L.\" \/>\n<meta property=\"og:description\" content=\"Descuento en equipamientos de pesaje y etiquetado Dibal. Inauguramos nuestra exposici\u00f3n en Alella y lo queremos celebrar con vosotros.\" \/>\n<meta property=\"og:url\" content=\"https:\/\/servifibal.cat\/es\/descuento-inauguracion-de-tienda-y-exposicion\/\" \/>\n<meta property=\"og:site_name\" content=\"Servifibal\" \/>\n<meta property=\"article:published_time\" content=\"2019-10-03T07:09:01+00:00\" \/>\n<meta property=\"article:modified_time\" content=\"2026-01-30T13:31:56+00:00\" \/>\n<meta property=\"og:image\" content=\"https:\/\/servifibal.cat\/wp-content\/uploads\/2017\/11\/IMG_0065-1-1.jpg\" \/>\n\t<meta property=\"og:image:width\" content=\"1050\" \/>\n\t<meta property=\"og:image:height\" content=\"420\" \/>\n\t<meta property=\"og:image:type\" content=\"image\/jpeg\" \/>\n<meta name=\"author\" content=\"fer@ferbcn.com\" \/>\n<meta name=\"twitter:card\" content=\"summary_large_image\" \/>\n<meta name=\"twitter:label1\" content=\"Escrito por\" \/>\n\t<meta name=\"twitter:data1\" content=\"fer@ferbcn.com\" \/>\n\t<meta name=\"twitter:label2\" content=\"Tiempo de lectura\" \/>\n\t<meta name=\"twitter:data2\" content=\"1 minuto\" \/>\n<script type=\"application\/ld+json\" class=\"yoast-schema-graph\">{\"@context\":\"https:\/\/schema.org\",\"@graph\":[{\"@type\":\"Article\",\"@id\":\"https:\/\/servifibal.cat\/es\/descuento-inauguracion-de-tienda-y-exposicion\/#article\",\"isPartOf\":{\"@id\":\"https:\/\/servifibal.cat\/es\/descuento-inauguracion-de-tienda-y-exposicion\/\"},\"author\":{\"name\":\"fer@ferbcn.com\",\"@id\":\"https:\/\/servifibal.cat\/es\/#\/schema\/person\/6972d59af228f36907da4983e1a3b68f\"},\"headline\":\"Inauguraci\u00f3n de tienda y exposici\u00f3n\",\"datePublished\":\"2019-10-03T07:09:01+00:00\",\"dateModified\":\"2026-01-30T13:31:56+00:00\",\"mainEntityOfPage\":{\"@id\":\"https:\/\/servifibal.cat\/es\/descuento-inauguracion-de-tienda-y-exposicion\/\"},\"wordCount\":281,\"commentCount\":0,\"publisher\":{\"@id\":\"https:\/\/servifibal.cat\/es\/#organization\"},\"image\":{\"@id\":\"https:\/\/servifibal.cat\/es\/descuento-inauguracion-de-tienda-y-exposicion\/#primaryimage\"},\"thumbnailUrl\":\"https:\/\/servifibal.cat\/wp-content\/uploads\/2017\/11\/IMG_0065-1-1.jpg\",\"articleSection\":[\"Uncategorized @ca\"],\"inLanguage\":\"es\"},{\"@type\":\"WebPage\",\"@id\":\"https:\/\/servifibal.cat\/es\/descuento-inauguracion-de-tienda-y-exposicion\/\",\"url\":\"https:\/\/servifibal.cat\/es\/descuento-inauguracion-de-tienda-y-exposicion\/\",\"name\":\"Descuento en equipos de pesaje | Inauguraci\u00f3n exposici\u00f3n | Servifibal,S.L.\",\"isPartOf\":{\"@id\":\"https:\/\/servifibal.cat\/es\/#website\"},\"primaryImageOfPage\":{\"@id\":\"https:\/\/servifibal.cat\/es\/descuento-inauguracion-de-tienda-y-exposicion\/#primaryimage\"},\"image\":{\"@id\":\"https:\/\/servifibal.cat\/es\/descuento-inauguracion-de-tienda-y-exposicion\/#primaryimage\"},\"thumbnailUrl\":\"https:\/\/servifibal.cat\/wp-content\/uploads\/2017\/11\/IMG_0065-1-1.jpg\",\"datePublished\":\"2019-10-03T07:09:01+00:00\",\"dateModified\":\"2026-01-30T13:31:56+00:00\",\"description\":\"Descuento en equipamientos de pesaje y etiquetado Dibal. Inauguramos nuestra exposici\u00f3n en Alella y lo queremos celebrar con vosotros.\",\"breadcrumb\":{\"@id\":\"https:\/\/servifibal.cat\/es\/descuento-inauguracion-de-tienda-y-exposicion\/#breadcrumb\"},\"inLanguage\":\"es\",\"potentialAction\":[{\"@type\":\"ReadAction\",\"target\":[\"https:\/\/servifibal.cat\/es\/descuento-inauguracion-de-tienda-y-exposicion\/\"]}]},{\"@type\":\"ImageObject\",\"inLanguage\":\"es\",\"@id\":\"https:\/\/servifibal.cat\/es\/descuento-inauguracion-de-tienda-y-exposicion\/#primaryimage\",\"url\":\"https:\/\/servifibal.cat\/wp-content\/uploads\/2017\/11\/IMG_0065-1-1.jpg\",\"contentUrl\":\"https:\/\/servifibal.cat\/wp-content\/uploads\/2017\/11\/IMG_0065-1-1.jpg\",\"width\":1050,\"height\":420,\"caption\":\"Inauguraci\u00f3 exposici\u00f3 - ofertes balances\"},{\"@type\":\"BreadcrumbList\",\"@id\":\"https:\/\/servifibal.cat\/es\/descuento-inauguracion-de-tienda-y-exposicion\/#breadcrumb\",\"itemListElement\":[{\"@type\":\"ListItem\",\"position\":1,\"name\":\"Portada\",\"item\":\"https:\/\/servifibal.cat\/es\/inicio\/\"},{\"@type\":\"ListItem\",\"position\":2,\"name\":\"Inauguraci\u00f3n de tienda y exposici\u00f3n\"}]},{\"@type\":\"WebSite\",\"@id\":\"https:\/\/servifibal.cat\/es\/#website\",\"url\":\"https:\/\/servifibal.cat\/es\/\",\"name\":\"Servifibal\",\"description\":\"Solucions per al petit comer\u00e7\",\"publisher\":{\"@id\":\"https:\/\/servifibal.cat\/es\/#organization\"},\"potentialAction\":[{\"@type\":\"SearchAction\",\"target\":{\"@type\":\"EntryPoint\",\"urlTemplate\":\"https:\/\/servifibal.cat\/es\/?s={search_term_string}\"},\"query-input\":{\"@type\":\"PropertyValueSpecification\",\"valueRequired\":true,\"valueName\":\"search_term_string\"}}],\"inLanguage\":\"es\"},{\"@type\":\"Organization\",\"@id\":\"https:\/\/servifibal.cat\/es\/#organization\",\"name\":\"Servifibal\",\"url\":\"https:\/\/servifibal.cat\/es\/\",\"logo\":{\"@type\":\"ImageObject\",\"inLanguage\":\"es\",\"@id\":\"https:\/\/servifibal.cat\/es\/#\/schema\/logo\/image\/\",\"url\":\"https:\/\/servifibal.cat\/wp-content\/uploads\/2025\/11\/00-Logo-nou-blanc.png\",\"contentUrl\":\"https:\/\/servifibal.cat\/wp-content\/uploads\/2025\/11\/00-Logo-nou-blanc.png\",\"width\":176,\"height\":38,\"caption\":\"Servifibal\"},\"image\":{\"@id\":\"https:\/\/servifibal.cat\/es\/#\/schema\/logo\/image\/\"}},{\"@type\":\"Person\",\"@id\":\"https:\/\/servifibal.cat\/es\/#\/schema\/person\/6972d59af228f36907da4983e1a3b68f\",\"name\":\"fer@ferbcn.com\",\"image\":{\"@type\":\"ImageObject\",\"inLanguage\":\"es\",\"@id\":\"https:\/\/servifibal.cat\/es\/#\/schema\/person\/image\/\",\"url\":\"https:\/\/secure.gravatar.com\/avatar\/ed74e9b5c60a29a9eaa5e4074af7e445ac52ca40b8cbe9830dfcd9b8a355e2a2?s=96&d=mm&r=g\",\"contentUrl\":\"https:\/\/secure.gravatar.com\/avatar\/ed74e9b5c60a29a9eaa5e4074af7e445ac52ca40b8cbe9830dfcd9b8a355e2a2?s=96&d=mm&r=g\",\"caption\":\"fer@ferbcn.com\"},\"sameAs\":[\"http:\/\/servifibal.cat\"],\"url\":\"https:\/\/servifibal.cat\/es\/author\/ferferbcn-com\/\"}]}<\/script>\n<!-- \/ Yoast SEO plugin. -->","yoast_head_json":{"title":"Descuento en equipos de pesaje | Inauguraci\u00f3n exposici\u00f3n | Servifibal,S.L.","description":"Descuento en equipamientos de pesaje y etiquetado Dibal. Inauguramos nuestra exposici\u00f3n en Alella y lo queremos celebrar con vosotros.","robots":{"index":"index","follow":"follow","max-snippet":"max-snippet:-1","max-image-preview":"max-image-preview:large","max-video-preview":"max-video-preview:-1"},"canonical":"https:\/\/servifibal.cat\/es\/descuento-inauguracion-de-tienda-y-exposicion\/","og_locale":"es_ES","og_type":"article","og_title":"Descuento en equipos de pesaje | Inauguraci\u00f3n exposici\u00f3n | Servifibal,S.L.","og_description":"Descuento en equipamientos de pesaje y etiquetado Dibal. Inauguramos nuestra exposici\u00f3n en Alella y lo queremos celebrar con vosotros.","og_url":"https:\/\/servifibal.cat\/es\/descuento-inauguracion-de-tienda-y-exposicion\/","og_site_name":"Servifibal","article_published_time":"2019-10-03T07:09:01+00:00","article_modified_time":"2026-01-30T13:31:56+00:00","og_image":[{"width":1050,"height":420,"url":"https:\/\/servifibal.cat\/wp-content\/uploads\/2017\/11\/IMG_0065-1-1.jpg","type":"image\/jpeg"}],"author":"fer@ferbcn.com","twitter_card":"summary_large_image","twitter_misc":{"Escrito por":"fer@ferbcn.com","Tiempo de lectura":"1 minuto"},"schema":{"@context":"https:\/\/schema.org","@graph":[{"@type":"Article","@id":"https:\/\/servifibal.cat\/es\/descuento-inauguracion-de-tienda-y-exposicion\/#article","isPartOf":{"@id":"https:\/\/servifibal.cat\/es\/descuento-inauguracion-de-tienda-y-exposicion\/"},"author":{"name":"fer@ferbcn.com","@id":"https:\/\/servifibal.cat\/es\/#\/schema\/person\/6972d59af228f36907da4983e1a3b68f"},"headline":"Inauguraci\u00f3n de tienda y exposici\u00f3n","datePublished":"2019-10-03T07:09:01+00:00","dateModified":"2026-01-30T13:31:56+00:00","mainEntityOfPage":{"@id":"https:\/\/servifibal.cat\/es\/descuento-inauguracion-de-tienda-y-exposicion\/"},"wordCount":281,"commentCount":0,"publisher":{"@id":"https:\/\/servifibal.cat\/es\/#organization"},"image":{"@id":"https:\/\/servifibal.cat\/es\/descuento-inauguracion-de-tienda-y-exposicion\/#primaryimage"},"thumbnailUrl":"https:\/\/servifibal.cat\/wp-content\/uploads\/2017\/11\/IMG_0065-1-1.jpg","articleSection":["Uncategorized @ca"],"inLanguage":"es"},{"@type":"WebPage","@id":"https:\/\/servifibal.cat\/es\/descuento-inauguracion-de-tienda-y-exposicion\/","url":"https:\/\/servifibal.cat\/es\/descuento-inauguracion-de-tienda-y-exposicion\/","name":"Descuento en equipos de pesaje | Inauguraci\u00f3n exposici\u00f3n | Servifibal,S.L.","isPartOf":{"@id":"https:\/\/servifibal.cat\/es\/#website"},"primaryImageOfPage":{"@id":"https:\/\/servifibal.cat\/es\/descuento-inauguracion-de-tienda-y-exposicion\/#primaryimage"},"image":{"@id":"https:\/\/servifibal.cat\/es\/descuento-inauguracion-de-tienda-y-exposicion\/#primaryimage"},"thumbnailUrl":"https:\/\/servifibal.cat\/wp-content\/uploads\/2017\/11\/IMG_0065-1-1.jpg","datePublished":"2019-10-03T07:09:01+00:00","dateModified":"2026-01-30T13:31:56+00:00","description":"Descuento en equipamientos de pesaje y etiquetado Dibal. Inauguramos nuestra exposici\u00f3n en Alella y lo queremos celebrar con vosotros.","breadcrumb":{"@id":"https:\/\/servifibal.cat\/es\/descuento-inauguracion-de-tienda-y-exposicion\/#breadcrumb"},"inLanguage":"es","potentialAction":[{"@type":"ReadAction","target":["https:\/\/servifibal.cat\/es\/descuento-inauguracion-de-tienda-y-exposicion\/"]}]},{"@type":"ImageObject","inLanguage":"es","@id":"https:\/\/servifibal.cat\/es\/descuento-inauguracion-de-tienda-y-exposicion\/#primaryimage","url":"https:\/\/servifibal.cat\/wp-content\/uploads\/2017\/11\/IMG_0065-1-1.jpg","contentUrl":"https:\/\/servifibal.cat\/wp-content\/uploads\/2017\/11\/IMG_0065-1-1.jpg","width":1050,"height":420,"caption":"Inauguraci\u00f3 exposici\u00f3 - ofertes balances"},{"@type":"BreadcrumbList","@id":"https:\/\/servifibal.cat\/es\/descuento-inauguracion-de-tienda-y-exposicion\/#breadcrumb","itemListElement":[{"@type":"ListItem","position":1,"name":"Portada","item":"https:\/\/servifibal.cat\/es\/inicio\/"},{"@type":"ListItem","position":2,"name":"Inauguraci\u00f3n de tienda y exposici\u00f3n"}]},{"@type":"WebSite","@id":"https:\/\/servifibal.cat\/es\/#website","url":"https:\/\/servifibal.cat\/es\/","name":"Servifibal","description":"Solucions per al petit comer\u00e7","publisher":{"@id":"https:\/\/servifibal.cat\/es\/#organization"},"potentialAction":[{"@type":"SearchAction","target":{"@type":"EntryPoint","urlTemplate":"https:\/\/servifibal.cat\/es\/?s={search_term_string}"},"query-input":{"@type":"PropertyValueSpecification","valueRequired":true,"valueName":"search_term_string"}}],"inLanguage":"es"},{"@type":"Organization","@id":"https:\/\/servifibal.cat\/es\/#organization","name":"Servifibal","url":"https:\/\/servifibal.cat\/es\/","logo":{"@type":"ImageObject","inLanguage":"es","@id":"https:\/\/servifibal.cat\/es\/#\/schema\/logo\/image\/","url":"https:\/\/servifibal.cat\/wp-content\/uploads\/2025\/11\/00-Logo-nou-blanc.png","contentUrl":"https:\/\/servifibal.cat\/wp-content\/uploads\/2025\/11\/00-Logo-nou-blanc.png","width":176,"height":38,"caption":"Servifibal"},"image":{"@id":"https:\/\/servifibal.cat\/es\/#\/schema\/logo\/image\/"}},{"@type":"Person","@id":"https:\/\/servifibal.cat\/es\/#\/schema\/person\/6972d59af228f36907da4983e1a3b68f","name":"fer@ferbcn.com","image":{"@type":"ImageObject","inLanguage":"es","@id":"https:\/\/servifibal.cat\/es\/#\/schema\/person\/image\/","url":"https:\/\/secure.gravatar.com\/avatar\/ed74e9b5c60a29a9eaa5e4074af7e445ac52ca40b8cbe9830dfcd9b8a355e2a2?s=96&d=mm&r=g","contentUrl":"https:\/\/secure.gravatar.com\/avatar\/ed74e9b5c60a29a9eaa5e4074af7e445ac52ca40b8cbe9830dfcd9b8a355e2a2?s=96&d=mm&r=g","caption":"fer@ferbcn.com"},"sameAs":["http:\/\/servifibal.cat"],"url":"https:\/\/servifibal.cat\/es\/author\/ferferbcn-com\/"}]}},"_links":{"self":[{"href":"https:\/\/servifibal.cat\/es\/wp-json\/wp\/v2\/posts\/72039","targetHints":{"allow":["GET"]}}],"collection":[{"href":"https:\/\/servifibal.cat\/es\/wp-json\/wp\/v2\/posts"}],"about":[{"href":"https:\/\/servifibal.cat\/es\/wp-json\/wp\/v2\/types\/post"}],"author":[{"embeddable":true,"href":"https:\/\/servifibal.cat\/es\/wp-json\/wp\/v2\/users\/1"}],"replies":[{"embeddable":true,"href":"https:\/\/servifibal.cat\/es\/wp-json\/wp\/v2\/comments?post=72039"}],"version-history":[{"count":1,"href":"https:\/\/servifibal.cat\/es\/wp-json\/wp\/v2\/posts\/72039\/revisions"}],"predecessor-version":[{"id":76113,"href":"https:\/\/servifibal.cat\/es\/wp-json\/wp\/v2\/posts\/72039\/revisions\/76113"}],"wp:featuredmedia":[{"embeddable":true,"href":"https:\/\/servifibal.cat\/es\/wp-json\/wp\/v2\/media\/72032"}],"wp:attachment":[{"href":"https:\/\/servifibal.cat\/es\/wp-json\/wp\/v2\/media?parent=72039"}],"wp:term":[{"taxonomy":"category","embeddable":true,"href":"https:\/\/servifibal.cat\/es\/wp-json\/wp\/v2\/categories?post=72039"},{"taxonomy":"post_tag","embeddable":true,"href":"https:\/\/servifibal.cat\/es\/wp-json\/wp\/v2\/tags?post=72039"}],"curies":[{"name":"wp","href":"https:\/\/api.w.org\/{rel}","templated":true}]}}